{"id":62283,"date":"2016-02-21T12:28:23","date_gmt":"2016-02-21T10:28:23","guid":{"rendered":"http:\/\/www.sana.sy\/tr\/?p=62283"},"modified":"2016-02-21T13:12:10","modified_gmt":"2016-02-21T11:12:10","slug":"enformasyon-bakani-omran-el-zoubi-homs-kenti-ve-yurdun-daha-baska-bolgelerinde-meydana-gelen-bombali-teror-eylemlerinin-ordu-birliklerimizin-terore-karsi-sagladiklari-basarilarin-teror-orgutleri-ve","status":"publish","type":"post","link":"https:\/\/archive.sana.sy\/tr\/?p=62283","title":{"rendered":"Enformasyon Bakan\u0131 Omran el Zoubi; Homs Kenti ve yurdun daha ba\u015fka b\u00f6lgelerinde meydana gelen bombal\u0131 ter\u00f6r eylemlerinin, ordu birliklerimizin ter\u00f6re kar\u015f\u0131 sa\u011flad\u0131klar\u0131 ba\u015far\u0131lar\u0131n ter\u00f6r \u00f6rg\u00fctleri ve i\u015fverenlerine ne derecede rahats\u0131zl\u0131k verdi\u011fini ortaya koydu\u011funu belirtti"},"content":{"rendered":"<p>Enformasyon Bakan\u0131 Omran el Zoubi; Homs Kenti ve yurdun daha ba\u015fka b\u00f6lgelerinde meydana gelen bombal\u0131 ter\u00f6r eylemlerinin, ordu birliklerimizin ter\u00f6re kar\u015f\u0131 sa\u011flad\u0131klar\u0131 ba\u015far\u0131lar\u0131n ter\u00f6r \u00f6rg\u00fctleri ve i\u015fverenlerine ne derecede rahats\u0131zl\u0131k verdi\u011fini ortaya koydu\u011funu belirtti<\/p>\n","protected":false},"excerpt":{"rendered":"<p>Enformasyon Bakan\u0131 Omran el Zoubi; Homs Kenti ve yurdun daha ba\u015fka b\u00f6lgelerinde meydana gelen bombal\u0131 ter\u00f6r eylemlerinin, ordu birliklerimizin ter\u00f6re kar\u015f\u0131 sa\u011flad\u0131klar\u0131 ba\u015far\u0131lar\u0131n ter\u00f6r \u00f6rg\u00fctleri ve i\u015fverenlerine ne derecede rahats\u0131zl\u0131k verdi\u011fini ortaya koydu\u011funu belirtti<\/p>\n","protected":false},"author":1,"featured_media":0,"comment_status":"closed","ping_status":"closed","sticky":false,"template":"","format":"standard","meta":{"footnotes":""},"categories":[17991],"tags":[],"class_list":["post-62283","post","type-post","status-publish","format-standard","","category-son-dakika"],"_links":{"self":[{"href":"https:\/\/archive.sana.sy\/tr\/index.php?rest_route=\/wp\/v2\/posts\/62283","targetHints":{"allow":["GET"]}}],"collection":[{"href":"https:\/\/archive.sana.sy\/tr\/index.php?rest_route=\/wp\/v2\/posts"}],"about":[{"href":"https:\/\/archive.sana.sy\/tr\/index.php?rest_route=\/wp\/v2\/types\/post"}],"author":[{"embeddable":true,"href":"https:\/\/archive.sana.sy\/tr\/index.php?rest_route=\/wp\/v2\/users\/1"}],"replies":[{"embeddable":true,"href":"https:\/\/archive.sana.sy\/tr\/index.php?rest_route=%2Fwp%2Fv2%2Fcomments&post=62283"}],"version-history":[{"count":0,"href":"https:\/\/archive.sana.sy\/tr\/index.php?rest_route=\/wp\/v2\/posts\/62283\/revisions"}],"wp:attachment":[{"href":"https:\/\/archive.sana.sy\/tr\/index.php?rest_route=%2Fwp%2Fv2%2Fmedia&parent=62283"}],"wp:term":[{"taxonomy":"category","embeddable":true,"href":"https:\/\/archive.sana.sy\/tr\/index.php?rest_route=%2Fwp%2Fv2%2Fcategories&post=62283"},{"taxonomy":"post_tag","embeddable":true,"href":"https:\/\/archive.sana.sy\/tr\/index.php?rest_route=%2Fwp%2Fv2%2Ftags&post=62283"}],"curies":[{"name":"wp","href":"https:\/\/api.w.org\/{rel}","templated":true}]}}