{"id":62293,"date":"2016-02-21T13:45:51","date_gmt":"2016-02-21T11:45:51","guid":{"rendered":"http:\/\/www.sana.sy\/tr\/?p=62293"},"modified":"2016-02-21T13:52:15","modified_gmt":"2016-02-21T11:52:15","slug":"cumhurbaskani-bessar-el-esad-bugun-belarus-komunist-partisi-genel-sekreteri-kiriyenko-igor-vasiljevici-kabul-etti","status":"publish","type":"post","link":"https:\/\/archive.sana.sy\/tr\/?p=62293","title":{"rendered":"Cumhurba\u015fkan\u0131 Be\u015f\u015far el Esad bug\u00fcn Belarus Kom\u00fcnist Partisi Genel Sekreteri Kiriyenko \u0130gor Vasiljevi\u00e7\u2019i kabul etti"},"content":{"rendered":"<p>Cumhurba\u015fkan\u0131 Be\u015f\u015far el Esad bug\u00fcn Belarus Kom\u00fcnist Partisi Genel Sekreteri Kiriyenko \u0130gor Vasiljevi\u00e7\u2019i kabul etti<\/p>\n","protected":false},"excerpt":{"rendered":"<p>Cumhurba\u015fkan\u0131 Be\u015f\u015far el Esad bug\u00fcn Belarus Kom\u00fcnist Partisi Genel Sekreteri Kiriyenko \u0130gor Vasiljevi\u00e7\u2019i kabul etti<\/p>\n","protected":false},"author":1,"featured_media":0,"comment_status":"closed","ping_status":"closed","sticky":false,"template":"","format":"standard","meta":{"footnotes":""},"categories":[17991],"tags":[],"class_list":["post-62293","post","type-post","status-publish","format-standard","","category-son-dakika"],"_links":{"self":[{"href":"https:\/\/archive.sana.sy\/tr\/index.php?rest_route=\/wp\/v2\/posts\/62293","targetHints":{"allow":["GET"]}}],"collection":[{"href":"https:\/\/archive.sana.sy\/tr\/index.php?rest_route=\/wp\/v2\/posts"}],"about":[{"href":"https:\/\/archive.sana.sy\/tr\/index.php?rest_route=\/wp\/v2\/types\/post"}],"author":[{"embeddable":true,"href":"https:\/\/archive.sana.sy\/tr\/index.php?rest_route=\/wp\/v2\/users\/1"}],"replies":[{"embeddable":true,"href":"https:\/\/archive.sana.sy\/tr\/index.php?rest_route=%2Fwp%2Fv2%2Fcomments&post=62293"}],"version-history":[{"count":0,"href":"https:\/\/archive.sana.sy\/tr\/index.php?rest_route=\/wp\/v2\/posts\/62293\/revisions"}],"wp:attachment":[{"href":"https:\/\/archive.sana.sy\/tr\/index.php?rest_route=%2Fwp%2Fv2%2Fmedia&parent=62293"}],"wp:term":[{"taxonomy":"category","embeddable":true,"href":"https:\/\/archive.sana.sy\/tr\/index.php?rest_route=%2Fwp%2Fv2%2Fcategories&post=62293"},{"taxonomy":"post_tag","embeddable":true,"href":"https:\/\/archive.sana.sy\/tr\/index.php?rest_route=%2Fwp%2Fv2%2Ftags&post=62293"}],"curies":[{"name":"wp","href":"https:\/\/api.w.org\/{rel}","templated":true}]}}