{"id":62296,"date":"2016-02-21T13:49:36","date_gmt":"2016-02-21T11:49:36","guid":{"rendered":"http:\/\/www.sana.sy\/tr\/?p=62296"},"modified":"2016-02-21T13:52:44","modified_gmt":"2016-02-21T11:52:44","slug":"gorusme-sirasinda-vasilijevic-el-esada-belarus-baskani-alexander-lukasenkodan-bir-mektup-teslim-etti","status":"publish","type":"post","link":"https:\/\/archive.sana.sy\/tr\/?p=62296","title":{"rendered":"G\u00f6r\u00fc\u015fme s\u0131ras\u0131nda Vasilijevi\u00e7 el Esad\u2019a Belarus Ba\u015fkan\u0131 Alexander Luka\u015fenko\u2019dan bir mektup teslim etti"},"content":{"rendered":"<p>G\u00f6r\u00fc\u015fme s\u0131ras\u0131nda Vasilijevi\u00e7 el Esad\u2019a Belarus Ba\u015fkan\u0131 Alexander Luka\u015fenko\u2019dan bir mektup teslim etti<\/p>\n","protected":false},"excerpt":{"rendered":"<p>G\u00f6r\u00fc\u015fme s\u0131ras\u0131nda Vasilijevi\u00e7 el Esad\u2019a Belarus Ba\u015fkan\u0131 Alexander Luka\u015fenko\u2019dan bir mektup teslim etti<\/p>\n","protected":false},"author":1,"featured_media":0,"comment_status":"closed","ping_status":"closed","sticky":false,"template":"","format":"standard","meta":{"footnotes":""},"categories":[17991],"tags":[],"class_list":["post-62296","post","type-post","status-publish","format-standard","","category-son-dakika"],"_links":{"self":[{"href":"https:\/\/archive.sana.sy\/tr\/index.php?rest_route=\/wp\/v2\/posts\/62296","targetHints":{"allow":["GET"]}}],"collection":[{"href":"https:\/\/archive.sana.sy\/tr\/index.php?rest_route=\/wp\/v2\/posts"}],"about":[{"href":"https:\/\/archive.sana.sy\/tr\/index.php?rest_route=\/wp\/v2\/types\/post"}],"author":[{"embeddable":true,"href":"https:\/\/archive.sana.sy\/tr\/index.php?rest_route=\/wp\/v2\/users\/1"}],"replies":[{"embeddable":true,"href":"https:\/\/archive.sana.sy\/tr\/index.php?rest_route=%2Fwp%2Fv2%2Fcomments&post=62296"}],"version-history":[{"count":0,"href":"https:\/\/archive.sana.sy\/tr\/index.php?rest_route=\/wp\/v2\/posts\/62296\/revisions"}],"wp:attachment":[{"href":"https:\/\/archive.sana.sy\/tr\/index.php?rest_route=%2Fwp%2Fv2%2Fmedia&parent=62296"}],"wp:term":[{"taxonomy":"category","embeddable":true,"href":"https:\/\/archive.sana.sy\/tr\/index.php?rest_route=%2Fwp%2Fv2%2Fcategories&post=62296"},{"taxonomy":"post_tag","embeddable":true,"href":"https:\/\/archive.sana.sy\/tr\/index.php?rest_route=%2Fwp%2Fv2%2Ftags&post=62296"}],"curies":[{"name":"wp","href":"https:\/\/api.w.org\/{rel}","templated":true}]}}