{"id":62300,"date":"2016-02-21T13:58:26","date_gmt":"2016-02-21T11:58:26","guid":{"rendered":"http:\/\/www.sana.sy\/tr\/?p=62300"},"modified":"2016-02-21T13:53:18","modified_gmt":"2016-02-21T11:53:18","slug":"lukasenko-mektubunda-ulkesinin-terore-karsi-savasinda-suriye-yonetimi-ordusu-ve-halkina-mutlak-ve-sabit-destegini-ifade-etti","status":"publish","type":"post","link":"https:\/\/archive.sana.sy\/tr\/?p=62300","title":{"rendered":"Luka\u015fenko mektubunda \u00fclkesinin, ter\u00f6re kar\u015f\u0131 sava\u015f\u0131nda Suriye y\u00f6netimi, ordusu ve halk\u0131na mutlak ve sabit deste\u011fini ifade etti"},"content":{"rendered":"<p>Luka\u015fenko mektubunda \u00fclkesinin, ter\u00f6re kar\u015f\u0131 sava\u015f\u0131nda Suriye y\u00f6netimi, ordusu ve halk\u0131na mutlak ve sabit deste\u011fini ifade etti<\/p>\n","protected":false},"excerpt":{"rendered":"<p>Luka\u015fenko mektubunda \u00fclkesinin, ter\u00f6re kar\u015f\u0131 sava\u015f\u0131nda Suriye y\u00f6netimi, ordusu ve halk\u0131na mutlak ve sabit deste\u011fini ifade etti<\/p>\n","protected":false},"author":1,"featured_media":0,"comment_status":"closed","ping_status":"closed","sticky":false,"template":"","format":"standard","meta":{"footnotes":""},"categories":[17991],"tags":[],"class_list":["post-62300","post","type-post","status-publish","format-standard","","category-son-dakika"],"_links":{"self":[{"href":"https:\/\/archive.sana.sy\/tr\/index.php?rest_route=\/wp\/v2\/posts\/62300","targetHints":{"allow":["GET"]}}],"collection":[{"href":"https:\/\/archive.sana.sy\/tr\/index.php?rest_route=\/wp\/v2\/posts"}],"about":[{"href":"https:\/\/archive.sana.sy\/tr\/index.php?rest_route=\/wp\/v2\/types\/post"}],"author":[{"embeddable":true,"href":"https:\/\/archive.sana.sy\/tr\/index.php?rest_route=\/wp\/v2\/users\/1"}],"replies":[{"embeddable":true,"href":"https:\/\/archive.sana.sy\/tr\/index.php?rest_route=%2Fwp%2Fv2%2Fcomments&post=62300"}],"version-history":[{"count":0,"href":"https:\/\/archive.sana.sy\/tr\/index.php?rest_route=\/wp\/v2\/posts\/62300\/revisions"}],"wp:attachment":[{"href":"https:\/\/archive.sana.sy\/tr\/index.php?rest_route=%2Fwp%2Fv2%2Fmedia&parent=62300"}],"wp:term":[{"taxonomy":"category","embeddable":true,"href":"https:\/\/archive.sana.sy\/tr\/index.php?rest_route=%2Fwp%2Fv2%2Fcategories&post=62300"},{"taxonomy":"post_tag","embeddable":true,"href":"https:\/\/archive.sana.sy\/tr\/index.php?rest_route=%2Fwp%2Fv2%2Ftags&post=62300"}],"curies":[{"name":"wp","href":"https:\/\/api.w.org\/{rel}","templated":true}]}}