{"id":62306,"date":"2016-02-21T17:02:55","date_gmt":"2016-02-21T15:02:55","guid":{"rendered":"http:\/\/www.sana.sy\/tr\/?p=62306"},"modified":"2016-02-22T19:28:20","modified_gmt":"2016-02-22T17:28:20","slug":"lukasenkodan-el-esada-mektup","status":"publish","type":"post","link":"https:\/\/archive.sana.sy\/tr\/?p=62306","title":{"rendered":"Luka\u015fenko\u2019dan el Esad\u2019a Mektup"},"content":{"rendered":"<p>\u015eAM \u2013 Cumhurba\u015fkan\u0131 Be\u015f\u015far el Esad bug\u00fcn Belarus Kom\u00fcnist Partisi Genel Sekreteri Kiriyenko \u0130gor Vasiljevi\u00e7 ve Suriye&#8217;ye bulundu\u011fu ziyarette ona e\u015flik eden heyeti kabul etti.<\/p>\n<p>G\u00f6r\u00fc\u015fme s\u0131ras\u0131nda Vasilijevi\u00e7 el Esad\u2019a Belarus Ba\u015fkan\u0131 Alexander Luka\u015fenko\u2019dan bir mektup teslim etti. Luka\u015fenko mektubunda \u00fclkesinin, ter\u00f6re kar\u015f\u0131 sava\u015f\u0131nda Suriye y\u00f6netimi, ordusu ve halk\u0131na mutlak ve sabit deste\u011fini ifade etti. Luka\u015fenko ayr\u0131ca \u00fclkesinin Suriye ile t\u00fcm ili\u015fkilerini muhtelif alanlarda geni\u015fletme ve derinle\u015ftirme arzusunda oldu\u011funu belirtti.<\/p>\n<p>El Esad Suriye&#8217;nin ter\u00f6r ve destek\u00e7ilerine kar\u015f\u0131 bulundu\u011fu sava\u015f\u0131n, Bat\u0131l\u0131lar\u0131n ABD komutas\u0131nda b\u00f6lgede mevcut edatlar\u0131 ve i\u015fbirlik\u00e7ileri arac\u0131l\u0131\u011f\u0131yla y\u00fcr\u00fctt\u00fckleri daha kapsaml\u0131 sava\u015f \u00e7er\u00e7evesinde geldi\u011fine dikkat \u00e7ekti. Bu sava\u015fta Bat\u0131l\u0131lar\u0131n hegemonyas\u0131na kar\u015f\u0131 \u00e7\u0131kan, halklar\u0131n\u0131n \u00e7\u0131karlar\u0131n\u0131 savunan ve egemenli\u011fine tutunan t\u00fcm devletlerin hedef al\u0131nd\u0131\u011f\u0131na vurgu yapan el Esad; halklar\u0131n olanaklar\u0131 ve zenginliklerinin s\u00f6m\u00fcr\u00fclmesini ama\u00e7layan yeni bir d\u00fcnya haritas\u0131 resmetmeye \u00e7al\u0131\u015ft\u0131klar\u0131na dikkat \u00e7ekti.<\/p>\n<p>Belarus\u2019un Suriye gibi Bat\u0131l\u0131 devletler taraf\u0131ndan bask\u0131 ve dayatmalara maruz kald\u0131\u011f\u0131na i\u015faret eden el Esad; bu \u00e7arp\u0131\u015fmalarda sergiledi\u011fi m\u00fccadeleci tutumla zafere ula\u015ft\u0131\u011f\u0131n\u0131 ifade etti.<\/p>\n<p>Kendi taraf\u0131ndan Vasiljevi\u00e7 \u00fclkesinin, Suriye ve halk\u0131n\u0131 destekleyen t\u00fcm devletlerin tekfirci ter\u00f6re kar\u015f\u0131 \u00e7abalar\u0131n\u0131 birle\u015ftirme gere\u011fine inand\u0131\u011f\u0131n\u0131 ifade ederken, Suriye&#8217;nin topraklar\u0131n\u0131n tamam\u0131n\u0131 ter\u00f6rden ar\u0131nd\u0131rma ve b\u00fcy\u00fck bir zafer kazanaca\u011f\u0131ndan ku\u015fkusu olmad\u0131\u011f\u0131n\u0131 belirtti.<\/p>\n<p>G\u00f6r\u00fc\u015fmeye Baas Partisi Genel Sekreter Yard\u0131mc\u0131s\u0131 Hilal Hilal ve Belarus\u2019un \u015eam b\u00fcy\u00fckel\u00e7isi kat\u0131ld\u0131lar.<\/p>\n<div id='gallery-1' class='gallery galleryid-62306 gallery-columns-3 gallery-size-thumbnail'><figure class='gallery-item'>\n\t\t\t<div class='gallery-icon landscape'>\n\t\t\t\t<a href='https:\/\/archive.sana.sy\/tr\/wp-content\/uploads\/2016\/02\/Esad-1-1.jpg'><img loading=\"lazy\" decoding=\"async\" width=\"150\" height=\"77\" src=\"https:\/\/archive.sana.sy\/tr\/wp-content\/uploads\/2016\/02\/Esad-1-1-150x77.jpg\" class=\"attachment-thumbnail size-thumbnail\" alt=\"\" srcset=\"https:\/\/archive.sana.sy\/tr\/wp-content\/uploads\/2016\/02\/Esad-1-1-150x77.jpg 150w, https:\/\/archive.sana.sy\/tr\/wp-content\/uploads\/2016\/02\/Esad-1-1-300x153.jpg 300w, https:\/\/archive.sana.sy\/tr\/wp-content\/uploads\/2016\/02\/Esad-1-1-768x393.jpg 768w, https:\/\/archive.sana.sy\/tr\/wp-content\/uploads\/2016\/02\/Esad-1-1-1024x523.jpg 1024w\" sizes=\"auto, (max-width: 150px) 100vw, 150px\" \/><\/a>\n\t\t\t<\/div><\/figure><figure class='gallery-item'>\n\t\t\t<div class='gallery-icon landscape'>\n\t\t\t\t<a href='https:\/\/archive.sana.sy\/tr\/wp-content\/uploads\/2016\/02\/Esad-2-1.jpg'><img loading=\"lazy\" decoding=\"async\" width=\"150\" height=\"85\" src=\"https:\/\/archive.sana.sy\/tr\/wp-content\/uploads\/2016\/02\/Esad-2-1-150x85.jpg\" class=\"attachment-thumbnail size-thumbnail\" alt=\"\" srcset=\"https:\/\/archive.sana.sy\/tr\/wp-content\/uploads\/2016\/02\/Esad-2-1-150x85.jpg 150w, https:\/\/archive.sana.sy\/tr\/wp-content\/uploads\/2016\/02\/Esad-2-1-300x170.jpg 300w, https:\/\/archive.sana.sy\/tr\/wp-content\/uploads\/2016\/02\/Esad-2-1-768x436.jpg 768w, https:\/\/archive.sana.sy\/tr\/wp-content\/uploads\/2016\/02\/Esad-2-1-1024x581.jpg 1024w\" sizes=\"auto, (max-width: 150px) 100vw, 150px\" \/><\/a>\n\t\t\t<\/div><\/figure><figure class='gallery-item'>\n\t\t\t<div class='gallery-icon landscape'>\n\t\t\t\t<a href='https:\/\/archive.sana.sy\/tr\/wp-content\/uploads\/2016\/02\/Esad-3-1.jpg'><img loading=\"lazy\" decoding=\"async\" width=\"150\" height=\"64\" src=\"https:\/\/archive.sana.sy\/tr\/wp-content\/uploads\/2016\/02\/Esad-3-1-150x64.jpg\" class=\"attachment-thumbnail size-thumbnail\" alt=\"\" srcset=\"https:\/\/archive.sana.sy\/tr\/wp-content\/uploads\/2016\/02\/Esad-3-1-150x64.jpg 150w, https:\/\/archive.sana.sy\/tr\/wp-content\/uploads\/2016\/02\/Esad-3-1-300x127.jpg 300w, https:\/\/archive.sana.sy\/tr\/wp-content\/uploads\/2016\/02\/Esad-3-1-768x326.jpg 768w, https:\/\/archive.sana.sy\/tr\/wp-content\/uploads\/2016\/02\/Esad-3-1-1024x434.jpg 1024w\" sizes=\"auto, (max-width: 150px) 100vw, 150px\" \/><\/a>\n\t\t\t<\/div><\/figure>\n\t\t<\/div>\n\n","protected":false},"excerpt":{"rendered":"<p>\u015eAM \u2013 Cumhurba\u015fkan\u0131 Be\u015f\u015far el Esad bug\u00fcn Belarus Kom\u00fcnist Partisi Genel Sekreteri Kiriyenko \u0130gor Vasiljevi\u00e7 ve Suriye&#8217;ye bulundu\u011fu ziyarette ona e\u015flik eden heyeti kabul etti. G\u00f6r\u00fc\u015fme s\u0131ras\u0131nda Vasilijevi\u00e7 el Esad\u2019a Belarus Ba\u015fkan\u0131 Alexander Luka\u015fenko\u2019dan bir mektup teslim etti. Luka\u015fenko mektubunda \u00fclkesinin, ter\u00f6re kar\u015f\u0131 sava\u015f\u0131nda Suriye y\u00f6netimi, ordusu ve halk\u0131na mutlak ve sabit deste\u011fini ifade etti. &hellip;<\/p>\n","protected":false},"author":1,"featured_media":62309,"comment_status":"closed","ping_status":"closed","sticky":false,"template":"","format":"standard","meta":{"footnotes":""},"categories":[608,479,605,478],"tags":[19394,19393,16402,19392],"class_list":["post-62306","post","type-post","status-publish","format-standard","has-post-thumbnail","","category-etkinlikler","category-haberler-yerel","category-sayin-cumhurbaskani","category-yerel","tag-belarus-baskani-alexander-lukasenko","tag-belarus-komunist-partisi-genel-sekreteri-kiriyenko-igor-vasiljevic","tag-cumhurbaskani-bessar-el-esad","tag-lukasenkodan-el-esada-mektup"],"_links":{"self":[{"href":"https:\/\/archive.sana.sy\/tr\/index.php?rest_route=\/wp\/v2\/posts\/62306","targetHints":{"allow":["GET"]}}],"collection":[{"href":"https:\/\/archive.sana.sy\/tr\/index.php?rest_route=\/wp\/v2\/posts"}],"about":[{"href":"https:\/\/archive.sana.sy\/tr\/index.php?rest_route=\/wp\/v2\/types\/post"}],"author":[{"embeddable":true,"href":"https:\/\/archive.sana.sy\/tr\/index.php?rest_route=\/wp\/v2\/users\/1"}],"replies":[{"embeddable":true,"href":"https:\/\/archive.sana.sy\/tr\/index.php?rest_route=%2Fwp%2Fv2%2Fcomments&post=62306"}],"version-history":[{"count":0,"href":"https:\/\/archive.sana.sy\/tr\/index.php?rest_route=\/wp\/v2\/posts\/62306\/revisions"}],"wp:featuredmedia":[{"embeddable":true,"href":"https:\/\/archive.sana.sy\/tr\/index.php?rest_route=\/wp\/v2\/media\/62309"}],"wp:attachment":[{"href":"https:\/\/archive.sana.sy\/tr\/index.php?rest_route=%2Fwp%2Fv2%2Fmedia&parent=62306"}],"wp:term":[{"taxonomy":"category","embeddable":true,"href":"https:\/\/archive.sana.sy\/tr\/index.php?rest_route=%2Fwp%2Fv2%2Fcategories&post=62306"},{"taxonomy":"post_tag","embeddable":true,"href":"https:\/\/archive.sana.sy\/tr\/index.php?rest_route=%2Fwp%2Fv2%2Ftags&post=62306"}],"curies":[{"name":"wp","href":"https:\/\/api.w.org\/{rel}","templated":true}]}}