{"id":62340,"date":"2016-02-21T11:48:53","date_gmt":"2016-02-21T09:48:53","guid":{"rendered":"http:\/\/www.sana.sy\/tr\/?p=62340"},"modified":"2016-02-21T14:54:26","modified_gmt":"2016-02-21T12:54:26","slug":"yakin-sure-icinde-hayata-gecirilebilir","status":"publish","type":"post","link":"https:\/\/archive.sana.sy\/tr\/?p=62340","title":{"rendered":"Yak\u0131n S\u00fcre \u0130\u00e7inde Hayata Ge\u00e7irilebilir"},"content":{"rendered":"<p>AMMAN \u2013 ABD D\u0131\u015fi\u015fleri Bakan\u0131 John Kerry Suriye&#8217;de \u2018operasyonlara son verme\u2019 anla\u015fmas\u0131n\u0131n yak\u0131n bir s\u00fcre i\u00e7inde hayata ge\u00e7irilebilece\u011fini s\u00f6yledi.<\/p>\n<p>Kerry \u00dcrd\u00fcn D\u0131\u015fi\u015fleri bakan\u0131 Nas\u0131r Cuda ile Amman\u2019da bulundu\u011fu g\u00f6r\u00fc\u015fmelerin ard\u0131ndan d\u00fczenledikleri bas\u0131n toplant\u0131s\u0131nda Suriye&#8217;de \u00e7at\u0131\u015fmalara son verme zaman\u0131n\u0131n her zamandan daha yak\u0131n oldu\u011funu s\u00f6yledi. Rusya D\u0131\u015fi\u015fleri Bakan\u0131 Sergey Lavrov ile bu meseleyi g\u00f6r\u00fc\u015ft\u00fcklerini ifade eden Kerry; ilkesel olarak ko\u015fullu anla\u015fmaya vard\u0131klar\u0131n\u0131 s\u00f6zlerine ekledi.<\/p>\n<p>Kerry Rusya Ba\u015fkan\u0131 Vladimir Putin ve ABD Ba\u015fkan\u0131 Barack Obama\u2019n\u0131n anla\u015fmaya son r\u00f6tu\u015flar\u0131 yapacaklar\u0131n\u0131 belirtti.<\/p>\n","protected":false},"excerpt":{"rendered":"<p>AMMAN \u2013 ABD D\u0131\u015fi\u015fleri Bakan\u0131 John Kerry Suriye&#8217;de \u2018operasyonlara son verme\u2019 anla\u015fmas\u0131n\u0131n yak\u0131n bir s\u00fcre i\u00e7inde hayata ge\u00e7irilebilece\u011fini s\u00f6yledi. Kerry \u00dcrd\u00fcn D\u0131\u015fi\u015fleri bakan\u0131 Nas\u0131r Cuda ile Amman\u2019da bulundu\u011fu g\u00f6r\u00fc\u015fmelerin ard\u0131ndan d\u00fczenledikleri bas\u0131n toplant\u0131s\u0131nda Suriye&#8217;de \u00e7at\u0131\u015fmalara son verme zaman\u0131n\u0131n her zamandan daha yak\u0131n oldu\u011funu s\u00f6yledi. Rusya D\u0131\u015fi\u015fleri Bakan\u0131 Sergey Lavrov ile bu meseleyi g\u00f6r\u00fc\u015ft\u00fcklerini ifade eden &hellip;<\/p>\n","protected":false},"author":1,"featured_media":51040,"comment_status":"closed","ping_status":"closed","sticky":false,"template":"","format":"standard","meta":{"footnotes":""},"categories":[458,459,17988],"tags":[17337],"class_list":["post-62340","post","type-post","status-publish","format-standard","has-post-thumbnail","","category-dunya1","category-haberler-arap-uluslararasi-politika","category-son-haberler","tag-abd-disisleri-bakani-john-kerry"],"_links":{"self":[{"href":"https:\/\/archive.sana.sy\/tr\/index.php?rest_route=\/wp\/v2\/posts\/62340","targetHints":{"allow":["GET"]}}],"collection":[{"href":"https:\/\/archive.sana.sy\/tr\/index.php?rest_route=\/wp\/v2\/posts"}],"about":[{"href":"https:\/\/archive.sana.sy\/tr\/index.php?rest_route=\/wp\/v2\/types\/post"}],"author":[{"embeddable":true,"href":"https:\/\/archive.sana.sy\/tr\/index.php?rest_route=\/wp\/v2\/users\/1"}],"replies":[{"embeddable":true,"href":"https:\/\/archive.sana.sy\/tr\/index.php?rest_route=%2Fwp%2Fv2%2Fcomments&post=62340"}],"version-history":[{"count":0,"href":"https:\/\/archive.sana.sy\/tr\/index.php?rest_route=\/wp\/v2\/posts\/62340\/revisions"}],"wp:featuredmedia":[{"embeddable":true,"href":"https:\/\/archive.sana.sy\/tr\/index.php?rest_route=\/wp\/v2\/media\/51040"}],"wp:attachment":[{"href":"https:\/\/archive.sana.sy\/tr\/index.php?rest_route=%2Fwp%2Fv2%2Fmedia&parent=62340"}],"wp:term":[{"taxonomy":"category","embeddable":true,"href":"https:\/\/archive.sana.sy\/tr\/index.php?rest_route=%2Fwp%2Fv2%2Fcategories&post=62340"},{"taxonomy":"post_tag","embeddable":true,"href":"https:\/\/archive.sana.sy\/tr\/index.php?rest_route=%2Fwp%2Fv2%2Ftags&post=62340"}],"curies":[{"name":"wp","href":"https:\/\/api.w.org\/{rel}","templated":true}]}}