{"id":62342,"date":"2016-02-21T14:59:57","date_gmt":"2016-02-21T12:59:57","guid":{"rendered":"http:\/\/www.sana.sy\/tr\/?p=62342"},"modified":"2016-02-21T14:59:57","modified_gmt":"2016-02-21T12:59:57","slug":"disisleri-ve-gurbetciler-bakanligi-belli-basli-devletler-tarafindan-sinirsiz-bir-sekilde-desteklenen-eli-kanli-tekfircilerin-bugun-homs-kentinin-sittin-caddesinde-bombali-iki-aracla-gerceklestirdikler","status":"publish","type":"post","link":"https:\/\/archive.sana.sy\/tr\/?p=62342","title":{"rendered":"D\u0131\u015fi\u015fleri ve Gurbet\u00e7iler Bakanl\u0131\u011f\u0131 belli ba\u015fl\u0131 devletler taraf\u0131ndan s\u0131n\u0131rs\u0131z bir \u015fekilde desteklenen eli kanl\u0131 tekfircilerin bug\u00fcn Homs Kentinin Sittin Caddesinde bombal\u0131 iki ara\u00e7la ger\u00e7ekle\u015ftirdikleri ve onlarca masum sivil insan\u0131n \u015fehit d\u00fc\u015fmesine yol a\u00e7an ter\u00f6r eylemi konusunda Birle\u015fmi\u015f Milletler genel sekreteri ve G\u00fcvenlik Konseyi ba\u015fkan\u0131na e\u015f iki resmi mektup g\u00f6nderdi"},"content":{"rendered":"<p>D\u0131\u015fi\u015fleri ve Gurbet\u00e7iler Bakanl\u0131\u011f\u0131 belli ba\u015fl\u0131 devletler taraf\u0131ndan s\u0131n\u0131rs\u0131z bir \u015fekilde desteklenen eli kanl\u0131 tekfircilerin bug\u00fcn Homs Kentinin Sittin Caddesinde bombal\u0131 iki ara\u00e7la ger\u00e7ekle\u015ftirdikleri ve onlarca masum sivil insan\u0131n \u015fehit d\u00fc\u015fmesine yol a\u00e7an ter\u00f6r eylemi konusunda Birle\u015fmi\u015f Milletler genel sekreteri ve G\u00fcvenlik Konseyi ba\u015fkan\u0131na e\u015f iki resmi mektup g\u00f6nderdi<\/p>\n","protected":false},"excerpt":{"rendered":"<p>D\u0131\u015fi\u015fleri ve Gurbet\u00e7iler Bakanl\u0131\u011f\u0131 belli ba\u015fl\u0131 devletler taraf\u0131ndan s\u0131n\u0131rs\u0131z bir \u015fekilde desteklenen eli kanl\u0131 tekfircilerin bug\u00fcn Homs Kentinin Sittin Caddesinde bombal\u0131 iki ara\u00e7la ger\u00e7ekle\u015ftirdikleri ve onlarca masum sivil insan\u0131n \u015fehit d\u00fc\u015fmesine yol a\u00e7an ter\u00f6r eylemi konusunda Birle\u015fmi\u015f Milletler genel sekreteri ve G\u00fcvenlik Konseyi ba\u015fkan\u0131na e\u015f iki resmi mektup g\u00f6nderdi<\/p>\n","protected":false},"author":1,"featured_media":0,"comment_status":"closed","ping_status":"closed","sticky":false,"template":"","format":"standard","meta":{"footnotes":""},"categories":[17991],"tags":[],"class_list":["post-62342","post","type-post","status-publish","format-standard","","category-son-dakika"],"_links":{"self":[{"href":"https:\/\/archive.sana.sy\/tr\/index.php?rest_route=\/wp\/v2\/posts\/62342","targetHints":{"allow":["GET"]}}],"collection":[{"href":"https:\/\/archive.sana.sy\/tr\/index.php?rest_route=\/wp\/v2\/posts"}],"about":[{"href":"https:\/\/archive.sana.sy\/tr\/index.php?rest_route=\/wp\/v2\/types\/post"}],"author":[{"embeddable":true,"href":"https:\/\/archive.sana.sy\/tr\/index.php?rest_route=\/wp\/v2\/users\/1"}],"replies":[{"embeddable":true,"href":"https:\/\/archive.sana.sy\/tr\/index.php?rest_route=%2Fwp%2Fv2%2Fcomments&post=62342"}],"version-history":[{"count":0,"href":"https:\/\/archive.sana.sy\/tr\/index.php?rest_route=\/wp\/v2\/posts\/62342\/revisions"}],"wp:attachment":[{"href":"https:\/\/archive.sana.sy\/tr\/index.php?rest_route=%2Fwp%2Fv2%2Fmedia&parent=62342"}],"wp:term":[{"taxonomy":"category","embeddable":true,"href":"https:\/\/archive.sana.sy\/tr\/index.php?rest_route=%2Fwp%2Fv2%2Fcategories&post=62342"},{"taxonomy":"post_tag","embeddable":true,"href":"https:\/\/archive.sana.sy\/tr\/index.php?rest_route=%2Fwp%2Fv2%2Ftags&post=62342"}],"curies":[{"name":"wp","href":"https:\/\/api.w.org\/{rel}","templated":true}]}}