{"id":62345,"date":"2016-02-21T15:07:48","date_gmt":"2016-02-21T13:07:48","guid":{"rendered":"http:\/\/www.sana.sy\/tr\/?p=62345"},"modified":"2016-02-21T15:04:15","modified_gmt":"2016-02-21T13:04:15","slug":"bakanlik-mektubunda-muhtelif-bolgelerde-sivilleri-vahsice-hedef-alan-teroristlerin-turkiye-ve-suudi-arabistan-rejimlerinin-suriyedeki-edatlari-oldugunun-artik-herkes-tarafindan-bilindigine-dikkat-ce","status":"publish","type":"post","link":"https:\/\/archive.sana.sy\/tr\/?p=62345","title":{"rendered":"Bakanl\u0131k mektubunda muhtelif b\u00f6lgelerde sivilleri vah\u015fice hedef alan ter\u00f6ristlerin T\u00fcrkiye ve Suudi Arabistan rejimlerinin Suriye&#8217;deki edatlar\u0131 oldu\u011funun art\u0131k herkes taraf\u0131ndan bilindi\u011fine dikkat \u00e7ekti"},"content":{"rendered":"<p>Bakanl\u0131k mektubunda muhtelif b\u00f6lgelerde sivilleri vah\u015fice hedef alan ter\u00f6ristlerin T\u00fcrkiye ve Suudi Arabistan rejimlerinin Suriye&#8217;deki edatlar\u0131 oldu\u011funun art\u0131k herkes taraf\u0131ndan bilindi\u011fine dikkat \u00e7ekti<\/p>\n","protected":false},"excerpt":{"rendered":"<p>Bakanl\u0131k mektubunda muhtelif b\u00f6lgelerde sivilleri vah\u015fice hedef alan ter\u00f6ristlerin T\u00fcrkiye ve Suudi Arabistan rejimlerinin Suriye&#8217;deki edatlar\u0131 oldu\u011funun art\u0131k herkes taraf\u0131ndan bilindi\u011fine dikkat \u00e7ekti<\/p>\n","protected":false},"author":1,"featured_media":0,"comment_status":"closed","ping_status":"closed","sticky":false,"template":"","format":"standard","meta":{"footnotes":""},"categories":[17991],"tags":[],"class_list":["post-62345","post","type-post","status-publish","format-standard","","category-son-dakika"],"_links":{"self":[{"href":"https:\/\/archive.sana.sy\/tr\/index.php?rest_route=\/wp\/v2\/posts\/62345","targetHints":{"allow":["GET"]}}],"collection":[{"href":"https:\/\/archive.sana.sy\/tr\/index.php?rest_route=\/wp\/v2\/posts"}],"about":[{"href":"https:\/\/archive.sana.sy\/tr\/index.php?rest_route=\/wp\/v2\/types\/post"}],"author":[{"embeddable":true,"href":"https:\/\/archive.sana.sy\/tr\/index.php?rest_route=\/wp\/v2\/users\/1"}],"replies":[{"embeddable":true,"href":"https:\/\/archive.sana.sy\/tr\/index.php?rest_route=%2Fwp%2Fv2%2Fcomments&post=62345"}],"version-history":[{"count":0,"href":"https:\/\/archive.sana.sy\/tr\/index.php?rest_route=\/wp\/v2\/posts\/62345\/revisions"}],"wp:attachment":[{"href":"https:\/\/archive.sana.sy\/tr\/index.php?rest_route=%2Fwp%2Fv2%2Fmedia&parent=62345"}],"wp:term":[{"taxonomy":"category","embeddable":true,"href":"https:\/\/archive.sana.sy\/tr\/index.php?rest_route=%2Fwp%2Fv2%2Fcategories&post=62345"},{"taxonomy":"post_tag","embeddable":true,"href":"https:\/\/archive.sana.sy\/tr\/index.php?rest_route=%2Fwp%2Fv2%2Ftags&post=62345"}],"curies":[{"name":"wp","href":"https:\/\/api.w.org\/{rel}","templated":true}]}}