{"id":62347,"date":"2016-02-21T15:15:54","date_gmt":"2016-02-21T13:15:54","guid":{"rendered":"http:\/\/www.sana.sy\/tr\/?p=62347"},"modified":"2016-02-21T15:07:10","modified_gmt":"2016-02-21T13:07:10","slug":"bu-hain-ve-gaddar-eylemlerin-turkiye-ve-suudi-arabistan-rejimlerinin-suriyedeki-krizin-alevlendirilmesi-ve-daha-fazla-kanlarin-akitilmasinda-oynadiklari-rolun-desifre-edilmesinden-duyduklari-rahatsi","status":"publish","type":"post","link":"https:\/\/archive.sana.sy\/tr\/?p=62347","title":{"rendered":"Bu hain ve gaddar eylemlerin T\u00fcrkiye ve Suudi Arabistan rejimlerinin Suriye&#8217;deki krizin alevlendirilmesi ve daha fazla kanlar\u0131n ak\u0131t\u0131lmas\u0131nda oynad\u0131klar\u0131 rol\u00fcn de\u015fifre edilmesinden duyduklar\u0131 rahats\u0131zl\u0131\u011f\u0131 yans\u0131tt\u0131\u011f\u0131n\u0131 ifade eden bakanl\u0131k, ayn\u0131 zamanda s\u00f6z konusu iki rejimin krizin siyasi \u00e7\u00f6z\u00fcm\u00fc y\u00f6n\u00fcndeki diplomatik \u00e7abalar\u0131 da sabote etme amac\u0131 ta\u015f\u0131d\u0131\u011f\u0131n\u0131n alt\u0131n\u0131 \u00e7izdi"},"content":{"rendered":"<p>Bu hain ve gaddar eylemlerin T\u00fcrkiye ve Suudi Arabistan rejimlerinin Suriye&#8217;deki krizin alevlendirilmesi ve daha fazla kanlar\u0131n ak\u0131t\u0131lmas\u0131nda oynad\u0131klar\u0131 rol\u00fcn de\u015fifre edilmesinden duyduklar\u0131 rahats\u0131zl\u0131\u011f\u0131 yans\u0131tt\u0131\u011f\u0131n\u0131 ifade eden bakanl\u0131k, ayn\u0131 zamanda s\u00f6z konusu iki rejimin krizin siyasi \u00e7\u00f6z\u00fcm\u00fc y\u00f6n\u00fcndeki diplomatik \u00e7abalar\u0131 da sabote etme amac\u0131 ta\u015f\u0131d\u0131\u011f\u0131n\u0131n alt\u0131n\u0131 \u00e7izdi<\/p>\n","protected":false},"excerpt":{"rendered":"<p>Bu hain ve gaddar eylemlerin T\u00fcrkiye ve Suudi Arabistan rejimlerinin Suriye&#8217;deki krizin alevlendirilmesi ve daha fazla kanlar\u0131n ak\u0131t\u0131lmas\u0131nda oynad\u0131klar\u0131 rol\u00fcn de\u015fifre edilmesinden duyduklar\u0131 rahats\u0131zl\u0131\u011f\u0131 yans\u0131tt\u0131\u011f\u0131n\u0131 ifade eden bakanl\u0131k, ayn\u0131 zamanda s\u00f6z konusu iki rejimin krizin siyasi \u00e7\u00f6z\u00fcm\u00fc y\u00f6n\u00fcndeki diplomatik \u00e7abalar\u0131 da sabote etme amac\u0131 ta\u015f\u0131d\u0131\u011f\u0131n\u0131n alt\u0131n\u0131 \u00e7izdi<\/p>\n","protected":false},"author":1,"featured_media":0,"comment_status":"closed","ping_status":"closed","sticky":false,"template":"","format":"standard","meta":{"footnotes":""},"categories":[17991],"tags":[],"class_list":["post-62347","post","type-post","status-publish","format-standard","","category-son-dakika"],"_links":{"self":[{"href":"https:\/\/archive.sana.sy\/tr\/index.php?rest_route=\/wp\/v2\/posts\/62347","targetHints":{"allow":["GET"]}}],"collection":[{"href":"https:\/\/archive.sana.sy\/tr\/index.php?rest_route=\/wp\/v2\/posts"}],"about":[{"href":"https:\/\/archive.sana.sy\/tr\/index.php?rest_route=\/wp\/v2\/types\/post"}],"author":[{"embeddable":true,"href":"https:\/\/archive.sana.sy\/tr\/index.php?rest_route=\/wp\/v2\/users\/1"}],"replies":[{"embeddable":true,"href":"https:\/\/archive.sana.sy\/tr\/index.php?rest_route=%2Fwp%2Fv2%2Fcomments&post=62347"}],"version-history":[{"count":0,"href":"https:\/\/archive.sana.sy\/tr\/index.php?rest_route=\/wp\/v2\/posts\/62347\/revisions"}],"wp:attachment":[{"href":"https:\/\/archive.sana.sy\/tr\/index.php?rest_route=%2Fwp%2Fv2%2Fmedia&parent=62347"}],"wp:term":[{"taxonomy":"category","embeddable":true,"href":"https:\/\/archive.sana.sy\/tr\/index.php?rest_route=%2Fwp%2Fv2%2Fcategories&post=62347"},{"taxonomy":"post_tag","embeddable":true,"href":"https:\/\/archive.sana.sy\/tr\/index.php?rest_route=%2Fwp%2Fv2%2Ftags&post=62347"}],"curies":[{"name":"wp","href":"https:\/\/api.w.org\/{rel}","templated":true}]}}