{"id":62349,"date":"2016-02-21T15:21:59","date_gmt":"2016-02-21T13:21:59","guid":{"rendered":"http:\/\/www.sana.sy\/tr\/?p=62349"},"modified":"2016-02-21T15:09:45","modified_gmt":"2016-02-21T13:09:45","slug":"bakanlik-suriyenin-bm-genel-sekreteri-ve-guvenlik-konseyinin-bu-teror-eylemlerini-derhal-ve-siddetle-kinamasini-talep-ettigini-ifade-ederken-ozellikle-turkiye-suudi-arabistan-ve-katar-basta-olmak","status":"publish","type":"post","link":"https:\/\/archive.sana.sy\/tr\/?p=62349","title":{"rendered":"Bakanl\u0131k Suriye&#8217;nin BM genel sekreteri ve G\u00fcvenlik Konseyinin bu ter\u00f6r eylemlerini derhal ve \u015fiddetle k\u0131namas\u0131n\u0131 talep etti\u011fini ifade ederken, \u00f6zellikle T\u00fcrkiye, Suudi Arabistan ve Katar ba\u015fta olmak \u00fczere ter\u00f6r\u00fc destekleyen t\u00fcm devletlere kar\u015f\u0131 cezaland\u0131r\u0131c\u0131 ve cayd\u0131r\u0131c\u0131 etkin icraatlar al\u0131nmas\u0131nda BM G\u00fcvenlik Konseyini g\u00f6rev ve sorumlulu\u011fa \u00e7a\u011f\u0131rd\u0131"},"content":{"rendered":"<p>Bakanl\u0131k Suriye&#8217;nin BM genel sekreteri ve G\u00fcvenlik Konseyinin bu ter\u00f6r eylemlerini derhal ve \u015fiddetle k\u0131namas\u0131n\u0131 talep etti\u011fini ifade ederken, \u00f6zellikle T\u00fcrkiye, Suudi Arabistan ve Katar ba\u015fta olmak \u00fczere ter\u00f6r\u00fc destekleyen t\u00fcm devletlere kar\u015f\u0131 cezaland\u0131r\u0131c\u0131 ve cayd\u0131r\u0131c\u0131 etkin icraatlar al\u0131nmas\u0131nda BM G\u00fcvenlik Konseyini g\u00f6rev ve sorumlulu\u011fa \u00e7a\u011f\u0131rd\u0131<\/p>\n","protected":false},"excerpt":{"rendered":"<p>Bakanl\u0131k Suriye&#8217;nin BM genel sekreteri ve G\u00fcvenlik Konseyinin bu ter\u00f6r eylemlerini derhal ve \u015fiddetle k\u0131namas\u0131n\u0131 talep etti\u011fini ifade ederken, \u00f6zellikle T\u00fcrkiye, Suudi Arabistan ve Katar ba\u015fta olmak \u00fczere ter\u00f6r\u00fc destekleyen t\u00fcm devletlere kar\u015f\u0131 cezaland\u0131r\u0131c\u0131 ve cayd\u0131r\u0131c\u0131 etkin icraatlar al\u0131nmas\u0131nda BM G\u00fcvenlik Konseyini g\u00f6rev ve sorumlulu\u011fa \u00e7a\u011f\u0131rd\u0131<\/p>\n","protected":false},"author":1,"featured_media":0,"comment_status":"closed","ping_status":"closed","sticky":false,"template":"","format":"standard","meta":{"footnotes":""},"categories":[17991],"tags":[],"class_list":["post-62349","post","type-post","status-publish","format-standard","","category-son-dakika"],"_links":{"self":[{"href":"https:\/\/archive.sana.sy\/tr\/index.php?rest_route=\/wp\/v2\/posts\/62349","targetHints":{"allow":["GET"]}}],"collection":[{"href":"https:\/\/archive.sana.sy\/tr\/index.php?rest_route=\/wp\/v2\/posts"}],"about":[{"href":"https:\/\/archive.sana.sy\/tr\/index.php?rest_route=\/wp\/v2\/types\/post"}],"author":[{"embeddable":true,"href":"https:\/\/archive.sana.sy\/tr\/index.php?rest_route=\/wp\/v2\/users\/1"}],"replies":[{"embeddable":true,"href":"https:\/\/archive.sana.sy\/tr\/index.php?rest_route=%2Fwp%2Fv2%2Fcomments&post=62349"}],"version-history":[{"count":0,"href":"https:\/\/archive.sana.sy\/tr\/index.php?rest_route=\/wp\/v2\/posts\/62349\/revisions"}],"wp:attachment":[{"href":"https:\/\/archive.sana.sy\/tr\/index.php?rest_route=%2Fwp%2Fv2%2Fmedia&parent=62349"}],"wp:term":[{"taxonomy":"category","embeddable":true,"href":"https:\/\/archive.sana.sy\/tr\/index.php?rest_route=%2Fwp%2Fv2%2Fcategories&post=62349"},{"taxonomy":"post_tag","embeddable":true,"href":"https:\/\/archive.sana.sy\/tr\/index.php?rest_route=%2Fwp%2Fv2%2Ftags&post=62349"}],"curies":[{"name":"wp","href":"https:\/\/api.w.org\/{rel}","templated":true}]}}