{"id":62351,"date":"2016-02-21T15:12:11","date_gmt":"2016-02-21T13:12:11","guid":{"rendered":"http:\/\/www.sana.sy\/tr\/?p=62351"},"modified":"2016-02-22T10:31:20","modified_gmt":"2016-02-22T08:31:20","slug":"turkiye-ve-suudi-rejimlerinin-desifre-olmalarindan-rahatsizligini-yansitiyor","status":"publish","type":"post","link":"https:\/\/archive.sana.sy\/tr\/?p=62351","title":{"rendered":"T\u00fcrkiye ve Suudi Rejimlerinin De\u015fifre Olmalar\u0131ndan Rahats\u0131zl\u0131\u011f\u0131n\u0131 Yans\u0131t\u0131yor"},"content":{"rendered":"<p>\u015eAM \u2013 D\u0131\u015fi\u015fleri ve Gurbet\u00e7iler Bakanl\u0131\u011f\u0131 belli ba\u015fl\u0131 devletler taraf\u0131ndan s\u0131n\u0131rs\u0131z bir \u015fekilde desteklenen eli kanl\u0131 tekfircilerin bug\u00fcn Homs Kentinin Sittin Caddesinde bombal\u0131 iki ara\u00e7la ger\u00e7ekle\u015ftirdikleri ve onlarca masum sivil insan\u0131n \u015fehit d\u00fc\u015fmesine yol a\u00e7an ter\u00f6r eylemi konusunda Birle\u015fmi\u015f Milletler genel sekreteri ve G\u00fcvenlik Konseyi ba\u015fkan\u0131na e\u015f iki resmi mektup g\u00f6nderdi.<\/p>\n<p>Bakanl\u0131k mektubunda muhtelif b\u00f6lgelerde sivilleri sistematik olarak vah\u015fice hedef alan ter\u00f6ristlerin T\u00fcrkiye ve Suudi Arabistan rejimlerinin Suriye&#8217;deki edatlar\u0131 oldu\u011funun art\u0131k herkes taraf\u0131ndan bilindi\u011fine dikkat \u00e7ekti. Bu hain ve gaddar eylemlerin T\u00fcrkiye ve Suudi Arabistan rejimlerinin Suriye&#8217;deki krizin alevlendirilmesi ve daha fazla kanlar\u0131n ak\u0131t\u0131lmas\u0131nda oynad\u0131klar\u0131 rol\u00fcn de\u015fifre edilmesinden duyduklar\u0131 rahats\u0131zl\u0131\u011f\u0131 yans\u0131tt\u0131\u011f\u0131n\u0131 ifade eden bakanl\u0131k, ayn\u0131 zamanda s\u00f6z konusu iki rejimin krizin siyasi \u00e7\u00f6z\u00fcm\u00fc y\u00f6n\u00fcndeki diplomatik \u00e7abalar\u0131 da sabote etme amac\u0131 ta\u015f\u0131d\u0131\u011f\u0131n\u0131n alt\u0131n\u0131 \u00e7izdi.<\/p>\n<p>Bakanl\u0131k Suriye&#8217;nin BM genel sekreteri ve G\u00fcvenlik Konseyinin bu ter\u00f6r eylemlerini derhal ve \u015fiddetle k\u0131namas\u0131n\u0131 talep etti\u011fini ifade ederken, \u00f6zellikle T\u00fcrkiye, Suudi Arabistan ve Katar ba\u015fta olmak \u00fczere ter\u00f6r\u00fc destekleyen t\u00fcm devletlere kar\u015f\u0131 cezaland\u0131r\u0131c\u0131 ve cayd\u0131r\u0131c\u0131 etkin icraatlar al\u0131nmas\u0131nda BM G\u00fcvenlik Konseyini g\u00f6rev ve sorumlulu\u011fa \u00e7a\u011f\u0131rd\u0131<\/p>\n","protected":false},"excerpt":{"rendered":"<p>\u015eAM \u2013 D\u0131\u015fi\u015fleri ve Gurbet\u00e7iler Bakanl\u0131\u011f\u0131 belli ba\u015fl\u0131 devletler taraf\u0131ndan s\u0131n\u0131rs\u0131z bir \u015fekilde desteklenen eli kanl\u0131 tekfircilerin bug\u00fcn Homs Kentinin Sittin Caddesinde bombal\u0131 iki ara\u00e7la ger\u00e7ekle\u015ftirdikleri ve onlarca masum sivil insan\u0131n \u015fehit d\u00fc\u015fmesine yol a\u00e7an ter\u00f6r eylemi konusunda Birle\u015fmi\u015f Milletler genel sekreteri ve G\u00fcvenlik Konseyi ba\u015fkan\u0131na e\u015f iki resmi mektup g\u00f6nderdi. Bakanl\u0131k mektubunda muhtelif b\u00f6lgelerde &hellip;<\/p>\n","protected":false},"author":1,"featured_media":58242,"comment_status":"closed","ping_status":"closed","sticky":false,"template":"","format":"standard","meta":{"footnotes":""},"categories":[479,17988,2554,2555,478],"tags":[19398,19399,2621,19215,19397],"class_list":["post-62351","post","type-post","status-publish","format-standard","has-post-thumbnail","","category-haberler-yerel","category-son-haberler","category-suriye-ve-dunya","category-suriye-ve-turkiye","category-yerel","tag-bm-genel-sekreteri","tag-bm-guvenlik-konseyi","tag-disisleri-ve-gurbetciler-bakanligi","tag-resmi-mektup","tag-turkiye-ve-suudi-rejimlerinin-desifre-olmalarindan-rahatsizligini-yansitiyor"],"_links":{"self":[{"href":"https:\/\/archive.sana.sy\/tr\/index.php?rest_route=\/wp\/v2\/posts\/62351","targetHints":{"allow":["GET"]}}],"collection":[{"href":"https:\/\/archive.sana.sy\/tr\/index.php?rest_route=\/wp\/v2\/posts"}],"about":[{"href":"https:\/\/archive.sana.sy\/tr\/index.php?rest_route=\/wp\/v2\/types\/post"}],"author":[{"embeddable":true,"href":"https:\/\/archive.sana.sy\/tr\/index.php?rest_route=\/wp\/v2\/users\/1"}],"replies":[{"embeddable":true,"href":"https:\/\/archive.sana.sy\/tr\/index.php?rest_route=%2Fwp%2Fv2%2Fcomments&post=62351"}],"version-history":[{"count":0,"href":"https:\/\/archive.sana.sy\/tr\/index.php?rest_route=\/wp\/v2\/posts\/62351\/revisions"}],"wp:featuredmedia":[{"embeddable":true,"href":"https:\/\/archive.sana.sy\/tr\/index.php?rest_route=\/wp\/v2\/media\/58242"}],"wp:attachment":[{"href":"https:\/\/archive.sana.sy\/tr\/index.php?rest_route=%2Fwp%2Fv2%2Fmedia&parent=62351"}],"wp:term":[{"taxonomy":"category","embeddable":true,"href":"https:\/\/archive.sana.sy\/tr\/index.php?rest_route=%2Fwp%2Fv2%2Fcategories&post=62351"},{"taxonomy":"post_tag","embeddable":true,"href":"https:\/\/archive.sana.sy\/tr\/index.php?rest_route=%2Fwp%2Fv2%2Ftags&post=62351"}],"curies":[{"name":"wp","href":"https:\/\/api.w.org\/{rel}","templated":true}]}}