{"id":6237,"date":"2014-07-31T14:52:27","date_gmt":"2014-07-31T11:52:27","guid":{"rendered":"http:\/\/www.sana.sy\/tr\/?p=6237"},"modified":"2014-07-31T14:52:27","modified_gmt":"2014-07-31T11:52:27","slug":"arap-aleminde-ilk-kez","status":"publish","type":"post","link":"https:\/\/archive.sana.sy\/tr\/?p=6237","title":{"rendered":"Arap Aleminde \u0130lk Kez"},"content":{"rendered":"<p>\u015eAM \u2013 Suriyeli plastik sanat ressam\u0131 Ahmet C\u00fcratl\u0131 Arap aleminde bir ilke imza atarak \u015eam k\u0131l\u0131c\u0131n\u0131 \u00fc\u00e7 boyutlu olarak resmediyor.<\/p>\n<p>Hama k\u0131rsal\u0131n\u0131n Misyaf B\u00f6lgesinde yatay yada dikey d\u00fcz alanlara \u00fc\u00e7 boyutlu resim projesi ba\u015flatan C\u00fcratl\u0131; Arap aleminde nitelik a\u00e7\u0131s\u0131ndan bir ilk olan ferdi \u00e7al\u0131\u015fmalar\u0131nda kendine has bir sitil sergiliyor.<\/p>\n<p>C\u00fcratl\u0131 Suriye&#8217;nin muhtelif b\u00f6lgelerinde medeni g\u00f6rsel k\u00fclt\u00fcr\u00fcn\u00fc yaymaya \u00e7al\u0131\u015f\u0131rken, \u00fc\u00e7 y\u0131ldan fazla bir s\u00fcredir s\u00fcren krizin olumsuz etkilerini hafifletme, insan psikolojisini sanat ve g\u00fczel g\u00f6rsellerle yeniden yap\u0131land\u0131rmay\u0131 ama\u00e7l\u0131yor.<\/p>\n<div id='gallery-1' class='gallery galleryid-6237 gallery-columns-2 gallery-size-thumbnail'><figure class='gallery-item'>\n\t\t\t<div class='gallery-icon portrait'>\n\t\t\t\t<a href='https:\/\/archive.sana.sy\/tr\/wp-content\/uploads\/2014\/07\/\u062f_\u0635_\u00e0_\u00bb-_\u0634_____\u0632___\u00e82.jpg'><img loading=\"lazy\" decoding=\"async\" width=\"84\" height=\"150\" src=\"https:\/\/archive.sana.sy\/tr\/wp-content\/uploads\/2014\/07\/\u062f_\u0635_\u00e0_\u00bb-_\u0634_____\u0632___\u00e82.jpg\" class=\"attachment-thumbnail size-thumbnail\" alt=\"\" \/><\/a>\n\t\t\t<\/div><\/figure><figure class='gallery-item'>\n\t\t\t<div class='gallery-icon portrait'>\n\t\t\t\t<a href='https:\/\/archive.sana.sy\/tr\/wp-content\/uploads\/2014\/07\/22.jpg'><img loading=\"lazy\" decoding=\"async\" width=\"84\" height=\"150\" src=\"https:\/\/archive.sana.sy\/tr\/wp-content\/uploads\/2014\/07\/22-84x150.jpg\" class=\"attachment-thumbnail size-thumbnail\" alt=\"\" srcset=\"https:\/\/archive.sana.sy\/tr\/wp-content\/uploads\/2014\/07\/22-84x150.jpg 84w, https:\/\/archive.sana.sy\/tr\/wp-content\/uploads\/2014\/07\/22-168x300.jpg 168w, https:\/\/archive.sana.sy\/tr\/wp-content\/uploads\/2014\/07\/22-576x1024.jpg 576w, https:\/\/archive.sana.sy\/tr\/wp-content\/uploads\/2014\/07\/22.jpg 600w\" sizes=\"auto, (max-width: 84px) 100vw, 84px\" \/><\/a>\n\t\t\t<\/div><\/figure>\n\t\t<\/div>\n\n","protected":false},"excerpt":{"rendered":"<p>\u015eAM \u2013 Suriyeli plastik sanat ressam\u0131 Ahmet C\u00fcratl\u0131 Arap aleminde bir ilke imza atarak \u015eam k\u0131l\u0131c\u0131n\u0131 \u00fc\u00e7 boyutlu olarak resmediyor. Hama k\u0131rsal\u0131n\u0131n Misyaf B\u00f6lgesinde yatay yada dikey d\u00fcz alanlara \u00fc\u00e7 boyutlu resim projesi ba\u015flatan C\u00fcratl\u0131; Arap aleminde nitelik a\u00e7\u0131s\u0131ndan bir ilk olan ferdi \u00e7al\u0131\u015fmalar\u0131nda kendine has bir sitil sergiliyor. C\u00fcratl\u0131 Suriye&#8217;nin muhtelif b\u00f6lgelerinde medeni g\u00f6rsel &hellip;<\/p>\n","protected":false},"author":1,"featured_media":6240,"comment_status":"closed","ping_status":"closed","sticky":false,"template":"","format":"standard","meta":{"footnotes":""},"categories":[516,511],"tags":[1378],"class_list":["post-6237","post","type-post","status-publish","format-standard","has-post-thumbnail","","category-haberler-kultur-ve-sanat","category-kultur-ve-sanat","tag-arap-aleminde-ilk-kez"],"_links":{"self":[{"href":"https:\/\/archive.sana.sy\/tr\/index.php?rest_route=\/wp\/v2\/posts\/6237","targetHints":{"allow":["GET"]}}],"collection":[{"href":"https:\/\/archive.sana.sy\/tr\/index.php?rest_route=\/wp\/v2\/posts"}],"about":[{"href":"https:\/\/archive.sana.sy\/tr\/index.php?rest_route=\/wp\/v2\/types\/post"}],"author":[{"embeddable":true,"href":"https:\/\/archive.sana.sy\/tr\/index.php?rest_route=\/wp\/v2\/users\/1"}],"replies":[{"embeddable":true,"href":"https:\/\/archive.sana.sy\/tr\/index.php?rest_route=%2Fwp%2Fv2%2Fcomments&post=6237"}],"version-history":[{"count":0,"href":"https:\/\/archive.sana.sy\/tr\/index.php?rest_route=\/wp\/v2\/posts\/6237\/revisions"}],"wp:featuredmedia":[{"embeddable":true,"href":"https:\/\/archive.sana.sy\/tr\/index.php?rest_route=\/wp\/v2\/media\/6240"}],"wp:attachment":[{"href":"https:\/\/archive.sana.sy\/tr\/index.php?rest_route=%2Fwp%2Fv2%2Fmedia&parent=6237"}],"wp:term":[{"taxonomy":"category","embeddable":true,"href":"https:\/\/archive.sana.sy\/tr\/index.php?rest_route=%2Fwp%2Fv2%2Fcategories&post=6237"},{"taxonomy":"post_tag","embeddable":true,"href":"https:\/\/archive.sana.sy\/tr\/index.php?rest_route=%2Fwp%2Fv2%2Ftags&post=6237"}],"curies":[{"name":"wp","href":"https:\/\/api.w.org\/{rel}","templated":true}]}}