{"id":62374,"date":"2016-02-21T12:15:36","date_gmt":"2016-02-21T10:15:36","guid":{"rendered":"http:\/\/www.sana.sy\/tr\/?p=62374"},"modified":"2016-02-21T16:48:01","modified_gmt":"2016-02-21T14:48:01","slug":"basin-heyeti-teror-magdurlarinin-durumunu-inceledi","status":"publish","type":"post","link":"https:\/\/archive.sana.sy\/tr\/?p=62374","title":{"rendered":"Bas\u0131n Heyeti Ter\u00f6r Ma\u011fdurlar\u0131n\u0131n Durumunu \u0130nceledi"},"content":{"rendered":"<p>LAZK\u0130YE \u2013 Birle\u015fmi\u015f Milletler M\u00fclteciler Y\u00fcksek Komiserli\u011fine tabi bir bas\u0131n heyeti bug\u00fcn Lazkiye Kentinde ter\u00f6r ma\u011fduru ailelerin ge\u00e7ici olarak ikamet ettikleri Spor Kompleksini ziyaret ederek saha incelemelerinde bulundu.<\/p>\n<p>Ter\u00f6r ma\u011fdurlar\u0131n\u0131n g\u00fcnl\u00fck ya\u015famlar\u0131 ve onlara sa\u011flanan hizmetleri incelemesi s\u0131ras\u0131nda SANA\u2019ya a\u00e7\u0131klama yapan Y\u00fcksek Komiserli\u011fin Video Departman\u0131 Direkt\u00f6r\u00fc Earth Champaign ziyaretten amac\u0131n Suriye&#8217;de sava\u015f neticesinde meydana gelen yurti\u00e7i g\u00f6\u00e7 ve bu vatanda\u015flar\u0131n g\u00fcnl\u00fck ya\u015famlar\u0131yla birlikte ihtiya\u00e7lar\u0131 konusunda bir belgesel haz\u0131rlamak oldu\u011funu s\u00f6yledi.<\/p>\n","protected":false},"excerpt":{"rendered":"<p>LAZK\u0130YE \u2013 Birle\u015fmi\u015f Milletler M\u00fclteciler Y\u00fcksek Komiserli\u011fine tabi bir bas\u0131n heyeti bug\u00fcn Lazkiye Kentinde ter\u00f6r ma\u011fduru ailelerin ge\u00e7ici olarak ikamet ettikleri Spor Kompleksini ziyaret ederek saha incelemelerinde bulundu. Ter\u00f6r ma\u011fdurlar\u0131n\u0131n g\u00fcnl\u00fck ya\u015famlar\u0131 ve onlara sa\u011flanan hizmetleri incelemesi s\u0131ras\u0131nda SANA\u2019ya a\u00e7\u0131klama yapan Y\u00fcksek Komiserli\u011fin Video Departman\u0131 Direkt\u00f6r\u00fc Earth Champaign ziyaretten amac\u0131n Suriye&#8217;de sava\u015f neticesinde meydana gelen &hellip;<\/p>\n","protected":false},"author":1,"featured_media":62376,"comment_status":"closed","ping_status":"closed","sticky":false,"template":"","format":"standard","meta":{"footnotes":""},"categories":[479,17988,478],"tags":[19408,19407,18519,18448,19285,19409],"class_list":["post-62374","post","type-post","status-publish","format-standard","has-post-thumbnail","","category-haberler-yerel","category-son-haberler","category-yerel","tag-basin-heyeti","tag-birlesmis-milletler-multeciler-yuksek-komiserligi","tag-insani-durumlar","tag-insani-yardim","tag-teror-magdurlari","tag-yurtici-goc"],"_links":{"self":[{"href":"https:\/\/archive.sana.sy\/tr\/index.php?rest_route=\/wp\/v2\/posts\/62374","targetHints":{"allow":["GET"]}}],"collection":[{"href":"https:\/\/archive.sana.sy\/tr\/index.php?rest_route=\/wp\/v2\/posts"}],"about":[{"href":"https:\/\/archive.sana.sy\/tr\/index.php?rest_route=\/wp\/v2\/types\/post"}],"author":[{"embeddable":true,"href":"https:\/\/archive.sana.sy\/tr\/index.php?rest_route=\/wp\/v2\/users\/1"}],"replies":[{"embeddable":true,"href":"https:\/\/archive.sana.sy\/tr\/index.php?rest_route=%2Fwp%2Fv2%2Fcomments&post=62374"}],"version-history":[{"count":0,"href":"https:\/\/archive.sana.sy\/tr\/index.php?rest_route=\/wp\/v2\/posts\/62374\/revisions"}],"wp:featuredmedia":[{"embeddable":true,"href":"https:\/\/archive.sana.sy\/tr\/index.php?rest_route=\/wp\/v2\/media\/62376"}],"wp:attachment":[{"href":"https:\/\/archive.sana.sy\/tr\/index.php?rest_route=%2Fwp%2Fv2%2Fmedia&parent=62374"}],"wp:term":[{"taxonomy":"category","embeddable":true,"href":"https:\/\/archive.sana.sy\/tr\/index.php?rest_route=%2Fwp%2Fv2%2Fcategories&post=62374"},{"taxonomy":"post_tag","embeddable":true,"href":"https:\/\/archive.sana.sy\/tr\/index.php?rest_route=%2Fwp%2Fv2%2Ftags&post=62374"}],"curies":[{"name":"wp","href":"https:\/\/api.w.org\/{rel}","templated":true}]}}