{"id":62375,"date":"2016-02-21T15:31:54","date_gmt":"2016-02-21T13:31:54","guid":{"rendered":"http:\/\/www.sana.sy\/tr\/?p=62375"},"modified":"2016-02-21T16:55:16","modified_gmt":"2016-02-21T14:55:16","slug":"lazkiye-kirsalinda-terore-destegi-ile-suriye-ve-halkina-kin-ve-nefret-kusan-erdogan-rejiminin-komutasindaki-teroristleri-buyuk-kayiplara-ugratan-ordu-birliklerimiz-ard-el-vata-asagi-hakura-ve-beyt-el","status":"publish","type":"post","link":"https:\/\/archive.sana.sy\/tr\/?p=62375","title":{"rendered":"Lazkiye k\u0131rsal\u0131nda ter\u00f6re deste\u011fi ile Suriye ve halk\u0131na kin ve nefret kusan Erdo\u011fan rejiminin komutas\u0131ndaki ter\u00f6ristleri b\u00fcy\u00fck kay\u0131plara u\u011fratan ordu birliklerimiz Ard el vata, A\u015fa\u011f\u0131 Hak\u00fcra ve Beyt el Avs k\u00f6ylerinin yan\u0131 s\u0131ra bir dizi stratejik nokta ve tepeyi kontrollerine ge\u00e7irdi"},"content":{"rendered":"<p>Lazkiye k\u0131rsal\u0131nda ter\u00f6re deste\u011fi ile Suriye ve halk\u0131na kin ve nefret kusan Erdo\u011fan rejiminin komutas\u0131ndaki ter\u00f6ristleri b\u00fcy\u00fck kay\u0131plara u\u011fratan ordu birliklerimiz Ard el vata, A\u015fa\u011f\u0131 Hak\u00fcra ve Beyt el Avs k\u00f6ylerinin yan\u0131 s\u0131ra bir dizi stratejik nokta ve tepeyi kontrollerine ge\u00e7irdi<\/p>\n","protected":false},"excerpt":{"rendered":"<p>Lazkiye k\u0131rsal\u0131nda ter\u00f6re deste\u011fi ile Suriye ve halk\u0131na kin ve nefret kusan Erdo\u011fan rejiminin komutas\u0131ndaki ter\u00f6ristleri b\u00fcy\u00fck kay\u0131plara u\u011fratan ordu birliklerimiz Ard el vata, A\u015fa\u011f\u0131 Hak\u00fcra ve Beyt el Avs k\u00f6ylerinin yan\u0131 s\u0131ra bir dizi stratejik nokta ve tepeyi kontrollerine ge\u00e7irdi<\/p>\n","protected":false},"author":1,"featured_media":0,"comment_status":"closed","ping_status":"closed","sticky":false,"template":"","format":"standard","meta":{"footnotes":""},"categories":[17991],"tags":[],"class_list":["post-62375","post","type-post","status-publish","format-standard","","category-son-dakika"],"_links":{"self":[{"href":"https:\/\/archive.sana.sy\/tr\/index.php?rest_route=\/wp\/v2\/posts\/62375","targetHints":{"allow":["GET"]}}],"collection":[{"href":"https:\/\/archive.sana.sy\/tr\/index.php?rest_route=\/wp\/v2\/posts"}],"about":[{"href":"https:\/\/archive.sana.sy\/tr\/index.php?rest_route=\/wp\/v2\/types\/post"}],"author":[{"embeddable":true,"href":"https:\/\/archive.sana.sy\/tr\/index.php?rest_route=\/wp\/v2\/users\/1"}],"replies":[{"embeddable":true,"href":"https:\/\/archive.sana.sy\/tr\/index.php?rest_route=%2Fwp%2Fv2%2Fcomments&post=62375"}],"version-history":[{"count":0,"href":"https:\/\/archive.sana.sy\/tr\/index.php?rest_route=\/wp\/v2\/posts\/62375\/revisions"}],"wp:attachment":[{"href":"https:\/\/archive.sana.sy\/tr\/index.php?rest_route=%2Fwp%2Fv2%2Fmedia&parent=62375"}],"wp:term":[{"taxonomy":"category","embeddable":true,"href":"https:\/\/archive.sana.sy\/tr\/index.php?rest_route=%2Fwp%2Fv2%2Fcategories&post=62375"},{"taxonomy":"post_tag","embeddable":true,"href":"https:\/\/archive.sana.sy\/tr\/index.php?rest_route=%2Fwp%2Fv2%2Ftags&post=62375"}],"curies":[{"name":"wp","href":"https:\/\/api.w.org\/{rel}","templated":true}]}}