{"id":62379,"date":"2016-02-21T15:10:09","date_gmt":"2016-02-21T13:10:09","guid":{"rendered":"http:\/\/www.sana.sy\/tr\/?p=62379"},"modified":"2016-02-21T16:52:09","modified_gmt":"2016-02-21T14:52:09","slug":"gunun-ilerleyen-saatlerinde-sanaya-aciklama-yapan-askeri-kaynak-ordu-birliklerimizin-halk-savunma-gucleriyle-isbirligi-icinde-halep-kirsalinin-dogusunda-tekfirci-ve-kiralik-teroristleri-sayi","status":"publish","type":"post","link":"https:\/\/archive.sana.sy\/tr\/?p=62379","title":{"rendered":"G\u00fcn\u00fcn ilerleyen saatlerinde SANA\u2019ya a\u00e7\u0131klama yapan askeri kaynak ordu birliklerimizin Halk Savunma G\u00fc\u00e7leriyle i\u015fbirli\u011fi i\u00e7inde Halep k\u0131rsal\u0131n\u0131n do\u011fusunda tekfirci ve kiral\u0131k ter\u00f6ristleri say\u0131 ve ekipmanlar\u0131yla a\u011f\u0131r kay\u0131plara u\u011fratmalar\u0131 ard\u0131ndan Dekvana, Mifilse, Cabiriye, Cub Safa, Um el Amd, Kbera, Treydem, Ayn Sabil, Tel Istab\u0131l, Ksayr el Verd, Beydura ve Salihiye belde ve k\u00f6ylerini ter\u00f6rden temizleyerek g\u00fcvenli\u011fi kontrollerine ge\u00e7irdiklerini belirtti"},"content":{"rendered":"<p>G\u00fcn\u00fcn ilerleyen saatlerinde SANA\u2019ya a\u00e7\u0131klama yapan askeri kaynak ordu birliklerimizin Halk Savunma G\u00fc\u00e7leriyle i\u015fbirli\u011fi i\u00e7inde Halep k\u0131rsal\u0131n\u0131n do\u011fusunda tekfirci ve kiral\u0131k ter\u00f6ristleri say\u0131 ve ekipmanlar\u0131yla a\u011f\u0131r kay\u0131plara u\u011fratmalar\u0131 ard\u0131ndan Dekvana, Mifilse, Cabiriye, Cub Safa, Um el Amd, Kbera, Treydem, Ayn Sabil, Tel Istab\u0131l, Ksayr el Verd, Beydura ve Salihiye belde ve k\u00f6ylerini ter\u00f6rden temizleyerek g\u00fcvenli\u011fi kontrollerine ge\u00e7irdiklerini belirtti<\/p>\n","protected":false},"excerpt":{"rendered":"<p>G\u00fcn\u00fcn ilerleyen saatlerinde SANA\u2019ya a\u00e7\u0131klama yapan askeri kaynak ordu birliklerimizin Halk Savunma G\u00fc\u00e7leriyle i\u015fbirli\u011fi i\u00e7inde Halep k\u0131rsal\u0131n\u0131n do\u011fusunda tekfirci ve kiral\u0131k ter\u00f6ristleri say\u0131 ve ekipmanlar\u0131yla a\u011f\u0131r kay\u0131plara u\u011fratmalar\u0131 ard\u0131ndan Dekvana, Mifilse, Cabiriye, Cub Safa, Um el Amd, Kbera, Treydem, Ayn Sabil, Tel Istab\u0131l, Ksayr el Verd, Beydura ve Salihiye belde ve k\u00f6ylerini ter\u00f6rden temizleyerek g\u00fcvenli\u011fi &hellip;<\/p>\n","protected":false},"author":1,"featured_media":0,"comment_status":"closed","ping_status":"closed","sticky":false,"template":"","format":"standard","meta":{"footnotes":""},"categories":[17991],"tags":[],"class_list":["post-62379","post","type-post","status-publish","format-standard","","category-son-dakika"],"_links":{"self":[{"href":"https:\/\/archive.sana.sy\/tr\/index.php?rest_route=\/wp\/v2\/posts\/62379","targetHints":{"allow":["GET"]}}],"collection":[{"href":"https:\/\/archive.sana.sy\/tr\/index.php?rest_route=\/wp\/v2\/posts"}],"about":[{"href":"https:\/\/archive.sana.sy\/tr\/index.php?rest_route=\/wp\/v2\/types\/post"}],"author":[{"embeddable":true,"href":"https:\/\/archive.sana.sy\/tr\/index.php?rest_route=\/wp\/v2\/users\/1"}],"replies":[{"embeddable":true,"href":"https:\/\/archive.sana.sy\/tr\/index.php?rest_route=%2Fwp%2Fv2%2Fcomments&post=62379"}],"version-history":[{"count":0,"href":"https:\/\/archive.sana.sy\/tr\/index.php?rest_route=\/wp\/v2\/posts\/62379\/revisions"}],"wp:attachment":[{"href":"https:\/\/archive.sana.sy\/tr\/index.php?rest_route=%2Fwp%2Fv2%2Fmedia&parent=62379"}],"wp:term":[{"taxonomy":"category","embeddable":true,"href":"https:\/\/archive.sana.sy\/tr\/index.php?rest_route=%2Fwp%2Fv2%2Fcategories&post=62379"},{"taxonomy":"post_tag","embeddable":true,"href":"https:\/\/archive.sana.sy\/tr\/index.php?rest_route=%2Fwp%2Fv2%2Ftags&post=62379"}],"curies":[{"name":"wp","href":"https:\/\/api.w.org\/{rel}","templated":true}]}}