{"id":62382,"date":"2016-02-21T16:34:02","date_gmt":"2016-02-21T14:34:02","guid":{"rendered":"http:\/\/www.sana.sy\/tr\/?p=62382"},"modified":"2016-02-21T17:00:41","modified_gmt":"2016-02-21T15:00:41","slug":"sam-cevre-kent-emniyet-mudurlugunde-yetkili-bir-kaynak-sam-kirsali-seyyide-zeyneb-beldesinin-din-caddesinde-3-bombali-eylemin-meydana-geldigini-belirtirken-ilk-verilere-gore-hain-saldirilarda-bircok","status":"publish","type":"post","link":"https:\/\/archive.sana.sy\/tr\/?p=62382","title":{"rendered":"\u015eam \u00c7evre Kent Emniyet M\u00fcd\u00fcrl\u00fc\u011f\u00fcnde yetkili bir kaynak \u015eam k\u0131rsal\u0131 Seyyide Zeyneb Beldesinin Din caddesinde 3 bombal\u0131 eylemin meydana geldi\u011fini belirtirken, ilk verilere g\u00f6re hain sald\u0131r\u0131larda bir\u00e7ok vatanda\u015f\u0131n \u015fehit ve yaral\u0131 d\u00fc\u015ft\u00fcklerini ifade etti"},"content":{"rendered":"<p>\u015eam \u00c7evre Kent Emniyet M\u00fcd\u00fcrl\u00fc\u011f\u00fcnde yetkili bir kaynak \u015eam k\u0131rsal\u0131 Seyyide Zeyneb Beldesinin Tin caddesinde 3 bombal\u0131 eylemin meydana geldi\u011fini belirtirken, ilk verilere g\u00f6re hain sald\u0131r\u0131larda bir\u00e7ok vatanda\u015f\u0131n \u015fehit ve yaral\u0131 d\u00fc\u015ft\u00fcklerini ifade etti<\/p>\n","protected":false},"excerpt":{"rendered":"<p>\u015eam \u00c7evre Kent Emniyet M\u00fcd\u00fcrl\u00fc\u011f\u00fcnde yetkili bir kaynak \u015eam k\u0131rsal\u0131 Seyyide Zeyneb Beldesinin Tin caddesinde 3 bombal\u0131 eylemin meydana geldi\u011fini belirtirken, ilk verilere g\u00f6re hain sald\u0131r\u0131larda bir\u00e7ok vatanda\u015f\u0131n \u015fehit ve yaral\u0131 d\u00fc\u015ft\u00fcklerini ifade etti<\/p>\n","protected":false},"author":1,"featured_media":0,"comment_status":"closed","ping_status":"closed","sticky":false,"template":"","format":"standard","meta":{"footnotes":""},"categories":[17991],"tags":[],"class_list":["post-62382","post","type-post","status-publish","format-standard","","category-son-dakika"],"_links":{"self":[{"href":"https:\/\/archive.sana.sy\/tr\/index.php?rest_route=\/wp\/v2\/posts\/62382","targetHints":{"allow":["GET"]}}],"collection":[{"href":"https:\/\/archive.sana.sy\/tr\/index.php?rest_route=\/wp\/v2\/posts"}],"about":[{"href":"https:\/\/archive.sana.sy\/tr\/index.php?rest_route=\/wp\/v2\/types\/post"}],"author":[{"embeddable":true,"href":"https:\/\/archive.sana.sy\/tr\/index.php?rest_route=\/wp\/v2\/users\/1"}],"replies":[{"embeddable":true,"href":"https:\/\/archive.sana.sy\/tr\/index.php?rest_route=%2Fwp%2Fv2%2Fcomments&post=62382"}],"version-history":[{"count":0,"href":"https:\/\/archive.sana.sy\/tr\/index.php?rest_route=\/wp\/v2\/posts\/62382\/revisions"}],"wp:attachment":[{"href":"https:\/\/archive.sana.sy\/tr\/index.php?rest_route=%2Fwp%2Fv2%2Fmedia&parent=62382"}],"wp:term":[{"taxonomy":"category","embeddable":true,"href":"https:\/\/archive.sana.sy\/tr\/index.php?rest_route=%2Fwp%2Fv2%2Fcategories&post=62382"},{"taxonomy":"post_tag","embeddable":true,"href":"https:\/\/archive.sana.sy\/tr\/index.php?rest_route=%2Fwp%2Fv2%2Ftags&post=62382"}],"curies":[{"name":"wp","href":"https:\/\/api.w.org\/{rel}","templated":true}]}}