{"id":62421,"date":"2016-02-22T10:27:51","date_gmt":"2016-02-22T08:27:51","guid":{"rendered":"http:\/\/www.sana.sy\/tr\/?p=62421"},"modified":"2016-02-22T10:27:51","modified_gmt":"2016-02-22T08:27:51","slug":"2281-adet-yardim-sepeti-ihtiyac-sahiplerine-ulastirildi","status":"publish","type":"post","link":"https:\/\/archive.sana.sy\/tr\/?p=62421","title":{"rendered":"2281 Adet Yard\u0131m Sepeti \u0130htiya\u00e7 Sahiplerine Ula\u015ft\u0131r\u0131ld\u0131"},"content":{"rendered":"<p>KUNAYTRA \u2013 El Mubarat Hay\u0131r Cemiyeti ge\u00e7ti\u011fimiz hafta i\u00e7erisinde Kunaytra ilinde 2281 adet g\u0131da sepeti ve 1140 adet un \u00e7uval\u0131n\u0131 ter\u00f6r olaylar\u0131nda ma\u011fdur olan ihtiya\u00e7 sahiplerine ula\u015ft\u0131rd\u0131.<\/p>\n<p>El Mubarat Hay\u0131r Cemiyeti Y\u00f6netim Kurulu Ba\u015fkan\u0131 Hi\u015fam Muhammet, cemiyetin \u0130nsani Yard\u0131m Komisyonu Kunaytra \u015eubesi ile i\u015fbirli\u011fi i\u00e7erisinde \u00e7al\u0131\u015ft\u0131\u011f\u0131na i\u015faret ederek yard\u0131m da\u011f\u0131t\u0131mlar\u0131n\u0131n adil ve ihtiya\u00e7 \u00e7er\u00e7evesinde yap\u0131labilmesi i\u00e7in aile defteri ve kay\u0131t gibi i\u015flemlere \u00f6nem verildi\u011fini belirtti.<\/p>\n<p>Bilinece\u011fi \u00fczere El Mubarat Hay\u0131r Cemiyeti ayl\u0131k ortalama 6 bin yard\u0131m sepetini Kunaytra ilinde bulunan ter\u00f6r ma\u011fdurlar\u0131, Golanl\u0131 ihtiya\u00e7 sahipleri ve \u015eam\u2019dan gelen ter\u00f6r ma\u011fdurlar\u0131na da\u011f\u0131t\u0131yor.<\/p>\n<p>F.B. &#8211; R.H.<\/p>\n","protected":false},"excerpt":{"rendered":"<p>KUNAYTRA \u2013 El Mubarat Hay\u0131r Cemiyeti ge\u00e7ti\u011fimiz hafta i\u00e7erisinde Kunaytra ilinde 2281 adet g\u0131da sepeti ve 1140 adet un \u00e7uval\u0131n\u0131 ter\u00f6r olaylar\u0131nda ma\u011fdur olan ihtiya\u00e7 sahiplerine ula\u015ft\u0131rd\u0131. El Mubarat Hay\u0131r Cemiyeti Y\u00f6netim Kurulu Ba\u015fkan\u0131 Hi\u015fam Muhammet, cemiyetin \u0130nsani Yard\u0131m Komisyonu Kunaytra \u015eubesi ile i\u015fbirli\u011fi i\u00e7erisinde \u00e7al\u0131\u015ft\u0131\u011f\u0131na i\u015faret ederek yard\u0131m da\u011f\u0131t\u0131mlar\u0131n\u0131n adil ve ihtiya\u00e7 \u00e7er\u00e7evesinde yap\u0131labilmesi &hellip;<\/p>\n","protected":false},"author":1,"featured_media":62422,"comment_status":"closed","ping_status":"closed","sticky":false,"template":"","format":"standard","meta":{"footnotes":""},"categories":[479,17988,478],"tags":[19415,19414],"class_list":["post-62421","post","type-post","status-publish","format-standard","has-post-thumbnail","","category-haberler-yerel","category-son-haberler","category-yerel","tag-2281-adet-yardim-sepeti-ihtiyac-sahiplerine-ulastirildi","tag-el-mubarat-hayir-cemiyeti-gectigimiz"],"_links":{"self":[{"href":"https:\/\/archive.sana.sy\/tr\/index.php?rest_route=\/wp\/v2\/posts\/62421","targetHints":{"allow":["GET"]}}],"collection":[{"href":"https:\/\/archive.sana.sy\/tr\/index.php?rest_route=\/wp\/v2\/posts"}],"about":[{"href":"https:\/\/archive.sana.sy\/tr\/index.php?rest_route=\/wp\/v2\/types\/post"}],"author":[{"embeddable":true,"href":"https:\/\/archive.sana.sy\/tr\/index.php?rest_route=\/wp\/v2\/users\/1"}],"replies":[{"embeddable":true,"href":"https:\/\/archive.sana.sy\/tr\/index.php?rest_route=%2Fwp%2Fv2%2Fcomments&post=62421"}],"version-history":[{"count":0,"href":"https:\/\/archive.sana.sy\/tr\/index.php?rest_route=\/wp\/v2\/posts\/62421\/revisions"}],"wp:featuredmedia":[{"embeddable":true,"href":"https:\/\/archive.sana.sy\/tr\/index.php?rest_route=\/wp\/v2\/media\/62422"}],"wp:attachment":[{"href":"https:\/\/archive.sana.sy\/tr\/index.php?rest_route=%2Fwp%2Fv2%2Fmedia&parent=62421"}],"wp:term":[{"taxonomy":"category","embeddable":true,"href":"https:\/\/archive.sana.sy\/tr\/index.php?rest_route=%2Fwp%2Fv2%2Fcategories&post=62421"},{"taxonomy":"post_tag","embeddable":true,"href":"https:\/\/archive.sana.sy\/tr\/index.php?rest_route=%2Fwp%2Fv2%2Ftags&post=62421"}],"curies":[{"name":"wp","href":"https:\/\/api.w.org\/{rel}","templated":true}]}}