{"id":6244,"date":"2014-07-31T15:36:38","date_gmt":"2014-07-31T12:36:38","guid":{"rendered":"http:\/\/www.sana.sy\/tr\/?p=6244"},"modified":"2014-08-01T15:07:18","modified_gmt":"2014-08-01T12:07:18","slug":"gazzeye-hava-kara-ve-denizden-saldirilar-devam-ediyor","status":"publish","type":"post","link":"https:\/\/archive.sana.sy\/tr\/?p=6244","title":{"rendered":"Gazze\u2019ye Hava, Kara ve Denizden Sald\u0131r\u0131lar Devam Ediyor"},"content":{"rendered":"<p>GAZZE \u2013 Siyonist \u0130srail\u2019in Gazze Kesimine hava, kara ve denizden sald\u0131r\u0131lar\u0131 devam ederken bug\u00fcn yine onlarca Filistinli \u015fehit ve yaral\u0131 d\u00fc\u015ft\u00fc.<\/p>\n<p>Filistinli t\u0131bbi kaynaklar i\u015fgal ordusunun Gazze Kesiminin muhtelif b\u00f6lgelerini hedef alan sald\u0131r\u0131lar\u0131nda hi\u00e7bir s\u0131n\u0131r tan\u0131mad\u0131\u011f\u0131n\u0131 ve her \u015feyi hedef ald\u0131\u011f\u0131n\u0131 ifade ederken, \u015fehit d\u00fc\u015fenlerin b\u00fcy\u00fck \u00e7o\u011funlu\u011funun \u00e7ocuk ve kad\u0131nlardan olu\u015ftu\u011funa dikkat \u00e7ekti.<\/p>\n<p>T\u0131bbi kaynaklar insanl\u0131k d\u0131\u015f\u0131 vah\u015fi sald\u0131r\u0131lar\u0131n 25. g\u00fcn\u00fcnde 12 Filistinlinin \u015fehit, onlarcas\u0131n\u0131n yaral\u0131 d\u00fc\u015ft\u00fcklerini ifade etti.<\/p>\n<p>Filistinli resmi kaynaklara g\u00f6re \u0130srail&#8217;in Gazze Kesimine kar\u015f\u0131 sava\u015f\u0131n\u0131n 25. g\u00fcn\u00fcnde \u015fehit say\u0131s\u0131n\u0131n 1368\u2019e, yaral\u0131 say\u0131s\u0131n\u0131n da 7700\u2019\u00fcn \u00fcst\u00fcne \u00e7\u0131kt\u0131\u011f\u0131n\u0131 belirtirken, b\u00fcy\u00fck \u00e7o\u011funlu\u011funun kad\u0131n, \u00e7ocuk ve ya\u015fl\u0131lardan olu\u015ftu\u011funun alt\u0131n\u0131 \u00e7izdi.<\/p>\n<p>\u00d6te yandan Filistinli direni\u015f g\u00fc\u00e7leri i\u015fgal ordusunun karadan ilerlemesini engelleme eylemlerini s\u00fcrd\u00fcr\u00fcrken, \u0130srail\u2019in derinliklerini f\u00fcze ve roketlerle hedef almaya devam ediyor.<\/p>\n<p>Filistinli direni\u015f g\u00fc\u00e7leri \u0130srail sald\u0131r\u0131lar\u0131na kar\u015f\u0131 koyma eylemlerinde \u0130srailli y\u00fczlerce askeri \u00f6l\u00fc yaral\u0131 d\u00fc\u015f\u00fcrd\u00fc\u011f\u00fcn\u00fc belirtirken, \u0130srail otoriteleri ve medyas\u0131 \u015fu ana dek 56 asker ve subay\u0131n \u00f6ld\u00fc\u011f\u00fcn\u00fc, 139 asker ve subay\u0131n da hastanelerde tedavi g\u00f6rd\u00fcklerini itiraf etti.<\/p>\n<p>Bu arada i\u015fgal otoriteleri Gazze kesimine y\u00f6nelik sava\u015f\u0131 \u00e7er\u00e7evesinde 16 bin yedek askeri g\u00f6reve \u00e7a\u011f\u0131rd\u0131\u011f\u0131n\u0131 a\u00e7\u0131klad\u0131.<\/p>\n","protected":false},"excerpt":{"rendered":"<p>GAZZE \u2013 Siyonist \u0130srail\u2019in Gazze Kesimine hava, kara ve denizden sald\u0131r\u0131lar\u0131 devam ederken bug\u00fcn yine onlarca Filistinli \u015fehit ve yaral\u0131 d\u00fc\u015ft\u00fc. Filistinli t\u0131bbi kaynaklar i\u015fgal ordusunun Gazze Kesiminin muhtelif b\u00f6lgelerini hedef alan sald\u0131r\u0131lar\u0131nda hi\u00e7bir s\u0131n\u0131r tan\u0131mad\u0131\u011f\u0131n\u0131 ve her \u015feyi hedef ald\u0131\u011f\u0131n\u0131 ifade ederken, \u015fehit d\u00fc\u015fenlerin b\u00fcy\u00fck \u00e7o\u011funlu\u011funun \u00e7ocuk ve kad\u0131nlardan olu\u015ftu\u011funa dikkat \u00e7ekti. T\u0131bbi kaynaklar &hellip;<\/p>\n","protected":false},"author":1,"featured_media":6245,"comment_status":"closed","ping_status":"closed","sticky":false,"template":"","format":"standard","meta":{"footnotes":""},"categories":[458,459,447],"tags":[1379,1380],"class_list":["post-6244","post","type-post","status-publish","format-standard","has-post-thumbnail","","category-dunya1","category-haberler-arap-uluslararasi-politika","category-politika","tag-gazzeye-hava","tag-kara-ve-denizden-saldirilar-devam-ediyor"],"_links":{"self":[{"href":"https:\/\/archive.sana.sy\/tr\/index.php?rest_route=\/wp\/v2\/posts\/6244","targetHints":{"allow":["GET"]}}],"collection":[{"href":"https:\/\/archive.sana.sy\/tr\/index.php?rest_route=\/wp\/v2\/posts"}],"about":[{"href":"https:\/\/archive.sana.sy\/tr\/index.php?rest_route=\/wp\/v2\/types\/post"}],"author":[{"embeddable":true,"href":"https:\/\/archive.sana.sy\/tr\/index.php?rest_route=\/wp\/v2\/users\/1"}],"replies":[{"embeddable":true,"href":"https:\/\/archive.sana.sy\/tr\/index.php?rest_route=%2Fwp%2Fv2%2Fcomments&post=6244"}],"version-history":[{"count":0,"href":"https:\/\/archive.sana.sy\/tr\/index.php?rest_route=\/wp\/v2\/posts\/6244\/revisions"}],"wp:featuredmedia":[{"embeddable":true,"href":"https:\/\/archive.sana.sy\/tr\/index.php?rest_route=\/wp\/v2\/media\/6245"}],"wp:attachment":[{"href":"https:\/\/archive.sana.sy\/tr\/index.php?rest_route=%2Fwp%2Fv2%2Fmedia&parent=6244"}],"wp:term":[{"taxonomy":"category","embeddable":true,"href":"https:\/\/archive.sana.sy\/tr\/index.php?rest_route=%2Fwp%2Fv2%2Fcategories&post=6244"},{"taxonomy":"post_tag","embeddable":true,"href":"https:\/\/archive.sana.sy\/tr\/index.php?rest_route=%2Fwp%2Fv2%2Ftags&post=6244"}],"curies":[{"name":"wp","href":"https:\/\/api.w.org\/{rel}","templated":true}]}}