{"id":62466,"date":"2016-02-22T14:14:57","date_gmt":"2016-02-22T12:14:57","guid":{"rendered":"http:\/\/www.sana.sy\/tr\/?p=62466"},"modified":"2016-02-23T16:53:46","modified_gmt":"2016-02-23T14:53:46","slug":"turkiye-ve-suudi-arabistan-rejimleri-dunya-barisini-tehdit-ediyor","status":"publish","type":"post","link":"https:\/\/archive.sana.sy\/tr\/?p=62466","title":{"rendered":"T\u00fcrkiye ve Suudi Arabistan Rejimleri D\u00fcnya Bar\u0131\u015f\u0131n\u0131 Tehdit Ediyor"},"content":{"rendered":"<p>PRAG \u2013 \u00c7ek Bar\u0131\u015f Forumu \u2018T\u00fcrkiye ve Suudi Arabistan rejimlerinin Suriye ve halk\u0131na y\u00f6nelik d\u00fc\u015fmanc\u0131 politikalar\u0131 nedeniyle d\u00fcnya ve halklar\u0131n\u0131n bar\u0131\u015f\u0131n\u0131n ciddi bir tehlikeyle kar\u015f\u0131 kar\u015f\u0131ya oldu\u011funu\u2019 vurgulad\u0131.<\/p>\n<p>Forum bug\u00fcn yay\u0131nlad\u0131\u011f\u0131 ve bir n\u00fcshas\u0131 SANA\u2019ya ula\u015ft\u0131r\u0131lan beyan\u0131nda; \u201cT\u00fcrkiye ve Suudi Arabistan Suriye&#8217;de destekledikleri ter\u00f6ristlerin Suriye ordusu kar\u015f\u0131s\u0131nda a\u011f\u0131r hezimetlere u\u011frat\u0131lmalar\u0131 ard\u0131ndan Suriye&#8217;ye kara m\u00fcdahalesinde bulunma tehditlerinde bulunmaktalar. Tarihte de deliler s\u0131k\u0131\u015ft\u0131\u011f\u0131 zaman daha tehlikeli olurlar.Dolay\u0131s\u0131yla bu iki devletin NATO\u2019yu b\u00f6lgedeki \u00e7at\u0131\u015fmalara bula\u015ft\u0131rmada ciddi niyetleri olma ihtimali uzak de\u011fildir..\u201d ifadesi kullan\u0131ld\u0131.<\/p>\n<p>Beyanda T\u00fcrkiye&#8217;nin Recep Tayyip Erdo\u011fan iktidar\u0131nda Suriye&#8217;de b\u00f6lge ve d\u00fcnya halklar\u0131n\u0131n g\u00fcvenli\u011fini tehdit eden ter\u00f6ristlere her t\u00fcrl\u00fc deste\u011fi temin etti\u011fine dikkat \u00e7ekildi. Erdo\u011fan rejiminin T\u00fcrkiye&#8217;yi dini radikal bir diktat\u00f6rl\u00fc\u011fe s\u00fcr\u00fckledi\u011finin alt\u0131 \u00e7izildi\u011fi beyanda; Bat\u0131l\u0131 devletlerin de Erdo\u011fan rejimine sadece sessiz kalmad\u0131klar\u0131n\u0131, ayn\u0131 zamanda Suriye&#8217;de daha fazla kanlar\u0131n ak\u0131t\u0131lmas\u0131 i\u00e7in ter\u00f6re deste\u011fini s\u00fcrd\u00fcrmesi amac\u0131yla milyarlarca euro verdiklerine de dikkat \u00e7ekildi.<\/p>\n<p>Forum bildirisinde ayr\u0131ca \u00c7ek Cumhuriyeti h\u00fck\u00fcmetinden; ter\u00f6r maceralar\u0131na s\u0131n\u0131r koyma, NATO\u2019nun Ortado\u011fu&#8217;da herhangi bir anla\u015fmazl\u0131\u011fa bula\u015fmas\u0131n\u0131 engelleme ve Avrupa Birli\u011finin T\u00fcrkiye rejimine verdi\u011fi milyarlar\u0131n ak\u0131betini soru\u015fturmas\u0131n\u0131 talep etti.<\/p>\n","protected":false},"excerpt":{"rendered":"<p>PRAG \u2013 \u00c7ek Bar\u0131\u015f Forumu \u2018T\u00fcrkiye ve Suudi Arabistan rejimlerinin Suriye ve halk\u0131na y\u00f6nelik d\u00fc\u015fmanc\u0131 politikalar\u0131 nedeniyle d\u00fcnya ve halklar\u0131n\u0131n bar\u0131\u015f\u0131n\u0131n ciddi bir tehlikeyle kar\u015f\u0131 kar\u015f\u0131ya oldu\u011funu\u2019 vurgulad\u0131. Forum bug\u00fcn yay\u0131nlad\u0131\u011f\u0131 ve bir n\u00fcshas\u0131 SANA\u2019ya ula\u015ft\u0131r\u0131lan beyan\u0131nda; \u201cT\u00fcrkiye ve Suudi Arabistan Suriye&#8217;de destekledikleri ter\u00f6ristlerin Suriye ordusu kar\u015f\u0131s\u0131nda a\u011f\u0131r hezimetlere u\u011frat\u0131lmalar\u0131 ard\u0131ndan Suriye&#8217;ye kara m\u00fcdahalesinde bulunma &hellip;<\/p>\n","protected":false},"author":1,"featured_media":62470,"comment_status":"closed","ping_status":"closed","sticky":false,"template":"","format":"standard","meta":{"footnotes":""},"categories":[17988,2554,2555],"tags":[19432,18364,19435,19433,19436,19431,17096,19034,19434,19389,19430],"class_list":["post-62466","post","type-post","status-publish","format-standard","has-post-thumbnail","","category-son-haberler","category-suriye-ve-dunya","category-suriye-ve-turkiye","tag-cek-baris-forumu","tag-cihat","tag-cihatcilara-destek","tag-czech-peace-forum","tag-dunya-barisi","tag-mit-tirlari","tag-recep-tayip-erdogan","tag-suriyeli-muhalifler","tag-suudi-arabistan-kralligi","tag-terore-destek","tag-turkiye-ve-suudi-arabistan-rejimleri-dunya-barisini-tehdit-ediyor"],"_links":{"self":[{"href":"https:\/\/archive.sana.sy\/tr\/index.php?rest_route=\/wp\/v2\/posts\/62466","targetHints":{"allow":["GET"]}}],"collection":[{"href":"https:\/\/archive.sana.sy\/tr\/index.php?rest_route=\/wp\/v2\/posts"}],"about":[{"href":"https:\/\/archive.sana.sy\/tr\/index.php?rest_route=\/wp\/v2\/types\/post"}],"author":[{"embeddable":true,"href":"https:\/\/archive.sana.sy\/tr\/index.php?rest_route=\/wp\/v2\/users\/1"}],"replies":[{"embeddable":true,"href":"https:\/\/archive.sana.sy\/tr\/index.php?rest_route=%2Fwp%2Fv2%2Fcomments&post=62466"}],"version-history":[{"count":0,"href":"https:\/\/archive.sana.sy\/tr\/index.php?rest_route=\/wp\/v2\/posts\/62466\/revisions"}],"wp:featuredmedia":[{"embeddable":true,"href":"https:\/\/archive.sana.sy\/tr\/index.php?rest_route=\/wp\/v2\/media\/62470"}],"wp:attachment":[{"href":"https:\/\/archive.sana.sy\/tr\/index.php?rest_route=%2Fwp%2Fv2%2Fmedia&parent=62466"}],"wp:term":[{"taxonomy":"category","embeddable":true,"href":"https:\/\/archive.sana.sy\/tr\/index.php?rest_route=%2Fwp%2Fv2%2Fcategories&post=62466"},{"taxonomy":"post_tag","embeddable":true,"href":"https:\/\/archive.sana.sy\/tr\/index.php?rest_route=%2Fwp%2Fv2%2Ftags&post=62466"}],"curies":[{"name":"wp","href":"https:\/\/api.w.org\/{rel}","templated":true}]}}