{"id":62467,"date":"2016-02-22T11:10:53","date_gmt":"2016-02-22T09:10:53","guid":{"rendered":"http:\/\/www.sana.sy\/tr\/?p=62467"},"modified":"2016-02-22T14:17:41","modified_gmt":"2016-02-22T12:17:41","slug":"homs-kirsalinin-dogusu-teyrmale-koyunde-tekfirci-teroristlerin-iki-komuta-karargahini-icindeki-teroristler-ve-cephaneyle-birlikte-imha-eden-hava-guclerimiz-tlul-el-suvd-ve-tedmur-kenti-civarlarinda-i","status":"publish","type":"post","link":"https:\/\/archive.sana.sy\/tr\/?p=62467","title":{"rendered":"Homs k\u0131rsal\u0131n\u0131n do\u011fusu Teyrmale K\u00f6y\u00fcnde tekfirci ter\u00f6ristlerin iki komuta karargah\u0131n\u0131 i\u00e7indeki ter\u00f6ristler ve cephaneyle birlikte imha eden hava g\u00fc\u00e7lerimiz, Tlul el Suvd ve Tedmur Kenti civarlar\u0131nda I\u015e\u0130D\u2019e ait bir\u00e7ok arac\u0131 ta\u015f\u0131d\u0131\u011f\u0131 ter\u00f6rist ve cephaneyle birlikte imha etti."},"content":{"rendered":"<p>Homs k\u0131rsal\u0131n\u0131n do\u011fusu Teyrmale K\u00f6y\u00fcnde tekfirci ter\u00f6ristlerin iki komuta karargah\u0131n\u0131 i\u00e7indeki ter\u00f6ristler ve cephaneyle birlikte imha eden hava g\u00fc\u00e7lerimiz, Tlul el Suvd ve Tedmur Kenti civarlar\u0131nda I\u015e\u0130D\u2019e ait bir\u00e7ok arac\u0131 ta\u015f\u0131d\u0131\u011f\u0131 ter\u00f6rist ve cephaneyle birlikte imha etti.<\/p>\n","protected":false},"excerpt":{"rendered":"<p>Homs k\u0131rsal\u0131n\u0131n do\u011fusu Teyrmale K\u00f6y\u00fcnde tekfirci ter\u00f6ristlerin iki komuta karargah\u0131n\u0131 i\u00e7indeki ter\u00f6ristler ve cephaneyle birlikte imha eden hava g\u00fc\u00e7lerimiz, Tlul el Suvd ve Tedmur Kenti civarlar\u0131nda I\u015e\u0130D\u2019e ait bir\u00e7ok arac\u0131 ta\u015f\u0131d\u0131\u011f\u0131 ter\u00f6rist ve cephaneyle birlikte imha etti.<\/p>\n","protected":false},"author":1,"featured_media":0,"comment_status":"closed","ping_status":"closed","sticky":false,"template":"","format":"standard","meta":{"footnotes":""},"categories":[17991],"tags":[],"class_list":["post-62467","post","type-post","status-publish","format-standard","","category-son-dakika"],"_links":{"self":[{"href":"https:\/\/archive.sana.sy\/tr\/index.php?rest_route=\/wp\/v2\/posts\/62467","targetHints":{"allow":["GET"]}}],"collection":[{"href":"https:\/\/archive.sana.sy\/tr\/index.php?rest_route=\/wp\/v2\/posts"}],"about":[{"href":"https:\/\/archive.sana.sy\/tr\/index.php?rest_route=\/wp\/v2\/types\/post"}],"author":[{"embeddable":true,"href":"https:\/\/archive.sana.sy\/tr\/index.php?rest_route=\/wp\/v2\/users\/1"}],"replies":[{"embeddable":true,"href":"https:\/\/archive.sana.sy\/tr\/index.php?rest_route=%2Fwp%2Fv2%2Fcomments&post=62467"}],"version-history":[{"count":0,"href":"https:\/\/archive.sana.sy\/tr\/index.php?rest_route=\/wp\/v2\/posts\/62467\/revisions"}],"wp:attachment":[{"href":"https:\/\/archive.sana.sy\/tr\/index.php?rest_route=%2Fwp%2Fv2%2Fmedia&parent=62467"}],"wp:term":[{"taxonomy":"category","embeddable":true,"href":"https:\/\/archive.sana.sy\/tr\/index.php?rest_route=%2Fwp%2Fv2%2Fcategories&post=62467"},{"taxonomy":"post_tag","embeddable":true,"href":"https:\/\/archive.sana.sy\/tr\/index.php?rest_route=%2Fwp%2Fv2%2Ftags&post=62467"}],"curies":[{"name":"wp","href":"https:\/\/api.w.org\/{rel}","templated":true}]}}