{"id":6247,"date":"2014-07-31T15:49:40","date_gmt":"2014-07-31T12:49:40","guid":{"rendered":"http:\/\/www.sana.sy\/tr\/?p=6247"},"modified":"2014-07-31T15:49:51","modified_gmt":"2014-07-31T12:49:51","slug":"abd-gazzedeki-vahsetine-destek-olarak-israile-cephane-ikmali-yapti","status":"publish","type":"post","link":"https:\/\/archive.sana.sy\/tr\/?p=6247","title":{"rendered":"ABD, Gazze\u2019deki Vah\u015fetine Destek Olarak \u0130srail&#8217;e Cephane \u0130kmali Yapt\u0131"},"content":{"rendered":"<p>WASH\u0130NGTON \u2013\u0130srail\u2019in d\u00fcn Gazze Kesiminde BM UNRWA \u00d6rg\u00fct\u00fcne tabi bir okulu bombalamas\u0131 ve Filistinli onlarca \u00e7ocu\u011fun \u015fehit yaral\u0131 d\u00fc\u015ft\u00fc\u011f\u00fc katliam\u0131ndan birka\u00e7 saat sonra ABD; \u0130srail&#8217;e yeni cephane ve m\u00fchimmat g\u00f6nderdi\u011fini ilan etti.<\/p>\n<p>ABD Savunma Bakanl\u0131\u011f\u0131 pentogan; Washington idaresinin \u0130srail&#8217;den yana tutumlar\u0131 ve Gazze kesimine y\u00f6nelik insanl\u0131k d\u0131\u015f\u0131 sava\u015f\u0131nda vah\u015fi katliamlar\u0131na deste\u011finin yeni bir kan\u0131t\u0131 olarak \u0130srail&#8217;in cephaneli\u011finin azalmas\u0131 \u00fczerine ABD\u2019den ikmal istedi\u011fini ve Washington idaresinin bunu kabul etti\u011fini a\u00e7\u0131klad\u0131.<\/p>\n<p>Pentagon s\u00f6zc\u00fcs\u00fc ABD\u2019nin \u0130srail&#8217;in g\u00fcvenli\u011finin korunmas\u0131nda sorumlulu\u011funu \u00fcstlenmesinin tart\u0131\u015f\u0131lmaz bir konu oldu\u011funu belirterek, kendi de\u011fimiyle \u0130srail&#8217;in kendini savunmada ABD\u2019nin yan\u0131nda oldu\u011funu ve her zaman onu destekleyece\u011fini s\u00f6yledi.<\/p>\n<p>ABD\u2019li s\u00f6zc\u00fc \u0130srail ordusuna verilen cephaneli\u011fin, ABD\u2019nin Filistin topraklar\u0131nda ihtiyat olarak bulundurdu\u011fu bir milyar dolar maliyetinde askeri m\u00fchimmat oldu\u011funu a\u00e7\u0131klad\u0131.<\/p>\n","protected":false},"excerpt":{"rendered":"<p>WASH\u0130NGTON \u2013\u0130srail\u2019in d\u00fcn Gazze Kesiminde BM UNRWA \u00d6rg\u00fct\u00fcne tabi bir okulu bombalamas\u0131 ve Filistinli onlarca \u00e7ocu\u011fun \u015fehit yaral\u0131 d\u00fc\u015ft\u00fc\u011f\u00fc katliam\u0131ndan birka\u00e7 saat sonra ABD; \u0130srail&#8217;e yeni cephane ve m\u00fchimmat g\u00f6nderdi\u011fini ilan etti. ABD Savunma Bakanl\u0131\u011f\u0131 pentogan; Washington idaresinin \u0130srail&#8217;den yana tutumlar\u0131 ve Gazze kesimine y\u00f6nelik insanl\u0131k d\u0131\u015f\u0131 sava\u015f\u0131nda vah\u015fi katliamlar\u0131na deste\u011finin yeni bir kan\u0131t\u0131 olarak &hellip;<\/p>\n","protected":false},"author":1,"featured_media":6248,"comment_status":"closed","ping_status":"closed","sticky":false,"template":"","format":"standard","meta":{"footnotes":""},"categories":[458,459,447],"tags":[1381,1382],"class_list":["post-6247","post","type-post","status-publish","format-standard","has-post-thumbnail","","category-dunya1","category-haberler-arap-uluslararasi-politika","category-politika","tag-abd","tag-gazzedeki-vahsetine-destek-olarak-israile-cephane-ikmali-yapti"],"_links":{"self":[{"href":"https:\/\/archive.sana.sy\/tr\/index.php?rest_route=\/wp\/v2\/posts\/6247","targetHints":{"allow":["GET"]}}],"collection":[{"href":"https:\/\/archive.sana.sy\/tr\/index.php?rest_route=\/wp\/v2\/posts"}],"about":[{"href":"https:\/\/archive.sana.sy\/tr\/index.php?rest_route=\/wp\/v2\/types\/post"}],"author":[{"embeddable":true,"href":"https:\/\/archive.sana.sy\/tr\/index.php?rest_route=\/wp\/v2\/users\/1"}],"replies":[{"embeddable":true,"href":"https:\/\/archive.sana.sy\/tr\/index.php?rest_route=%2Fwp%2Fv2%2Fcomments&post=6247"}],"version-history":[{"count":0,"href":"https:\/\/archive.sana.sy\/tr\/index.php?rest_route=\/wp\/v2\/posts\/6247\/revisions"}],"wp:featuredmedia":[{"embeddable":true,"href":"https:\/\/archive.sana.sy\/tr\/index.php?rest_route=\/wp\/v2\/media\/6248"}],"wp:attachment":[{"href":"https:\/\/archive.sana.sy\/tr\/index.php?rest_route=%2Fwp%2Fv2%2Fmedia&parent=6247"}],"wp:term":[{"taxonomy":"category","embeddable":true,"href":"https:\/\/archive.sana.sy\/tr\/index.php?rest_route=%2Fwp%2Fv2%2Fcategories&post=6247"},{"taxonomy":"post_tag","embeddable":true,"href":"https:\/\/archive.sana.sy\/tr\/index.php?rest_route=%2Fwp%2Fv2%2Ftags&post=6247"}],"curies":[{"name":"wp","href":"https:\/\/api.w.org\/{rel}","templated":true}]}}