{"id":62474,"date":"2016-02-22T11:00:31","date_gmt":"2016-02-22T09:00:31","guid":{"rendered":"http:\/\/www.sana.sy\/tr\/?p=62474"},"modified":"2016-02-22T14:19:46","modified_gmt":"2016-02-22T12:19:46","slug":"hama-kirsalinda-erdogan-ve-al-suud-rejimlerinin-destek-ve-komutasindaki-teroristlere-yonelik-operasyonlarini-surduren-hava-guclerimiz-latamina-ve-kefarzeyta-bolgelerinde-cetelere-ait-bir-dizi-aracin-y","status":"publish","type":"post","link":"https:\/\/archive.sana.sy\/tr\/?p=62474","title":{"rendered":"Hama k\u0131rsal\u0131nda Erdo\u011fan ve Al Suud rejimlerinin destek ve komutas\u0131ndaki ter\u00f6ristlere y\u00f6nelik operasyonlar\u0131n\u0131 s\u00fcrd\u00fcren hava g\u00fc\u00e7lerimiz Latamina ve Kefarzeyta b\u00f6lgelerinde \u00e7etelere ait bir dizi arac\u0131n yan\u0131 s\u0131ra 13 ter\u00f6risti etkisiz hale getirdi."},"content":{"rendered":"<p>Hama k\u0131rsal\u0131nda Erdo\u011fan ve Al Suud rejimlerinin destek ve komutas\u0131ndaki ter\u00f6ristlere y\u00f6nelik operasyonlar\u0131n\u0131 s\u00fcrd\u00fcren hava g\u00fc\u00e7lerimiz Latamina ve Kefarzeyta b\u00f6lgelerinde \u00e7etelere ait bir dizi arac\u0131n yan\u0131 s\u0131ra 13 ter\u00f6risti etkisiz hale getirdi.<\/p>\n","protected":false},"excerpt":{"rendered":"<p>Hama k\u0131rsal\u0131nda Erdo\u011fan ve Al Suud rejimlerinin destek ve komutas\u0131ndaki ter\u00f6ristlere y\u00f6nelik operasyonlar\u0131n\u0131 s\u00fcrd\u00fcren hava g\u00fc\u00e7lerimiz Latamina ve Kefarzeyta b\u00f6lgelerinde \u00e7etelere ait bir dizi arac\u0131n yan\u0131 s\u0131ra 13 ter\u00f6risti etkisiz hale getirdi.<\/p>\n","protected":false},"author":1,"featured_media":0,"comment_status":"closed","ping_status":"closed","sticky":false,"template":"","format":"standard","meta":{"footnotes":""},"categories":[17991],"tags":[],"class_list":["post-62474","post","type-post","status-publish","format-standard","","category-son-dakika"],"_links":{"self":[{"href":"https:\/\/archive.sana.sy\/tr\/index.php?rest_route=\/wp\/v2\/posts\/62474","targetHints":{"allow":["GET"]}}],"collection":[{"href":"https:\/\/archive.sana.sy\/tr\/index.php?rest_route=\/wp\/v2\/posts"}],"about":[{"href":"https:\/\/archive.sana.sy\/tr\/index.php?rest_route=\/wp\/v2\/types\/post"}],"author":[{"embeddable":true,"href":"https:\/\/archive.sana.sy\/tr\/index.php?rest_route=\/wp\/v2\/users\/1"}],"replies":[{"embeddable":true,"href":"https:\/\/archive.sana.sy\/tr\/index.php?rest_route=%2Fwp%2Fv2%2Fcomments&post=62474"}],"version-history":[{"count":0,"href":"https:\/\/archive.sana.sy\/tr\/index.php?rest_route=\/wp\/v2\/posts\/62474\/revisions"}],"wp:attachment":[{"href":"https:\/\/archive.sana.sy\/tr\/index.php?rest_route=%2Fwp%2Fv2%2Fmedia&parent=62474"}],"wp:term":[{"taxonomy":"category","embeddable":true,"href":"https:\/\/archive.sana.sy\/tr\/index.php?rest_route=%2Fwp%2Fv2%2Fcategories&post=62474"},{"taxonomy":"post_tag","embeddable":true,"href":"https:\/\/archive.sana.sy\/tr\/index.php?rest_route=%2Fwp%2Fv2%2Ftags&post=62474"}],"curies":[{"name":"wp","href":"https:\/\/api.w.org\/{rel}","templated":true}]}}