{"id":62476,"date":"2016-02-22T11:19:32","date_gmt":"2016-02-22T09:19:32","guid":{"rendered":"http:\/\/www.sana.sy\/tr\/?p=62476"},"modified":"2016-02-22T14:25:13","modified_gmt":"2016-02-22T12:25:13","slug":"iran-disisleri-bakani-muhammed-cevat-zarif-tahranda-bosnali-mevkidasi-igor-crnadak-ile-bulundugu-temaslarin-ardinda-duzenledigi-basin-konferansinda-suriyedeki-krize-askeri-cozumun-mumkun-ol","status":"publish","type":"post","link":"https:\/\/archive.sana.sy\/tr\/?p=62476","title":{"rendered":"\u0130ran D\u0131\u015fi\u015fleri Bakan\u0131 Muhammed Cevat Zarif Tahran\u2019da Bosnal\u0131 mevkida\u015f\u0131 Igor Crnadak ile bulundu\u011fu temaslar\u0131n ard\u0131nda d\u00fczenledi\u011fi bas\u0131n konferans\u0131nda Suriye&#8217;deki krize askeri \u00e7\u00f6z\u00fcm\u00fcn m\u00fcmk\u00fcn olmad\u0131\u011f\u0131n\u0131 bir kez daha vurgulad\u0131"},"content":{"rendered":"<p>\u0130ran D\u0131\u015fi\u015fleri Bakan\u0131 Muhammed Cevat Zarif Tahran\u2019da Bosnal\u0131 mevkida\u015f\u0131 Igor Crnadak ile bulundu\u011fu temaslar\u0131n ard\u0131nda d\u00fczenledi\u011fi bas\u0131n konferans\u0131nda Suriye&#8217;deki krize askeri \u00e7\u00f6z\u00fcm\u00fcn m\u00fcmk\u00fcn olmad\u0131\u011f\u0131n\u0131 bir kez daha vurgulad\u0131<\/p>\n","protected":false},"excerpt":{"rendered":"<p>\u0130ran D\u0131\u015fi\u015fleri Bakan\u0131 Muhammed Cevat Zarif Tahran\u2019da Bosnal\u0131 mevkida\u015f\u0131 Igor Crnadak ile bulundu\u011fu temaslar\u0131n ard\u0131nda d\u00fczenledi\u011fi bas\u0131n konferans\u0131nda Suriye&#8217;deki krize askeri \u00e7\u00f6z\u00fcm\u00fcn m\u00fcmk\u00fcn olmad\u0131\u011f\u0131n\u0131 bir kez daha vurgulad\u0131<\/p>\n","protected":false},"author":1,"featured_media":0,"comment_status":"closed","ping_status":"closed","sticky":false,"template":"","format":"standard","meta":{"footnotes":""},"categories":[17991],"tags":[],"class_list":["post-62476","post","type-post","status-publish","format-standard","","category-son-dakika"],"_links":{"self":[{"href":"https:\/\/archive.sana.sy\/tr\/index.php?rest_route=\/wp\/v2\/posts\/62476","targetHints":{"allow":["GET"]}}],"collection":[{"href":"https:\/\/archive.sana.sy\/tr\/index.php?rest_route=\/wp\/v2\/posts"}],"about":[{"href":"https:\/\/archive.sana.sy\/tr\/index.php?rest_route=\/wp\/v2\/types\/post"}],"author":[{"embeddable":true,"href":"https:\/\/archive.sana.sy\/tr\/index.php?rest_route=\/wp\/v2\/users\/1"}],"replies":[{"embeddable":true,"href":"https:\/\/archive.sana.sy\/tr\/index.php?rest_route=%2Fwp%2Fv2%2Fcomments&post=62476"}],"version-history":[{"count":0,"href":"https:\/\/archive.sana.sy\/tr\/index.php?rest_route=\/wp\/v2\/posts\/62476\/revisions"}],"wp:attachment":[{"href":"https:\/\/archive.sana.sy\/tr\/index.php?rest_route=%2Fwp%2Fv2%2Fmedia&parent=62476"}],"wp:term":[{"taxonomy":"category","embeddable":true,"href":"https:\/\/archive.sana.sy\/tr\/index.php?rest_route=%2Fwp%2Fv2%2Fcategories&post=62476"},{"taxonomy":"post_tag","embeddable":true,"href":"https:\/\/archive.sana.sy\/tr\/index.php?rest_route=%2Fwp%2Fv2%2Ftags&post=62476"}],"curies":[{"name":"wp","href":"https:\/\/api.w.org\/{rel}","templated":true}]}}