{"id":6250,"date":"2014-07-31T16:03:58","date_gmt":"2014-07-31T13:03:58","guid":{"rendered":"http:\/\/www.sana.sy\/tr\/?p=6250"},"modified":"2014-07-31T16:03:58","modified_gmt":"2014-07-31T13:03:58","slug":"sanghay-bir-kez-daha-siyasi-cozum-geregine-vurgu-yapti","status":"publish","type":"post","link":"https:\/\/archive.sana.sy\/tr\/?p=6250","title":{"rendered":"\u015eanghay Bir Kez Daha Siyasi \u00c7\u00f6z\u00fcm Gere\u011fine Vurgu Yapt\u0131"},"content":{"rendered":"<p>DU\u015eANBE \u2013 \u015eanghay \u0130\u015fbirli\u011fi \u00d6rg\u00fct\u00fc; Suriye&#8217;deki krizin mutlak bir \u015fekilde siyasi ve diplomatik yollarla \u00e7\u00f6z\u00fclmesi gere\u011finin alt\u0131n\u0131 bir kez daha \u00e7izerek, bu ba\u011flamda siyasi ve diplomatik \u00e7abalar\u0131n daha \u00e7ok peki\u015ftirilmesi \u00e7a\u011fr\u0131s\u0131nda bulundu.<\/p>\n<p>Rus Itar-Tass Haber Ajans\u0131n\u0131n bug\u00fcn aktard\u0131\u011f\u0131 beyanda \u00d6rg\u00fctte \u00fcye \u00fclkelerin d\u0131\u015fi\u015fleri bakanlar\u0131; \u2018Suriye&#8217;deki i\u00e7 diyalogun 30 Haziran 2012 tarihinde ilan edilen Cenevre I Deklarasyonu ve Uluslararas\u0131 G\u00fcvenlik Konseyinin bu deklarasyona uygun olarak ilan etti\u011fi 2128 say\u0131l\u0131 karar\u0131 kapsam\u0131nda s\u00fcrd\u00fcr\u00fclmesi\u2019 davetinde bulundular.<\/p>\n<p>Beyanda Ortado\u011fu ve Kuzey Afrika b\u00f6lgelerindeki karma\u015f\u0131k de\u011fi\u015fimlerin kronik anla\u015fmazl\u0131klar\u0131n \u00e7\u00f6z\u00fcm\u00fcn geciktirmemesi gere\u011fine i\u015faret edilerek, s\u00f6z konusu anla\u015fmazl\u0131klar\u0131 siyasi yollarla \u00e7\u00f6zmenin b\u00f6lgede olumlu yans\u0131malar\u0131 olaca\u011f\u0131 konusunda hem fikir ifade edildi.<\/p>\n<p>Bu arada Suriye&#8217;nin i\u00e7i\u015flerine m\u00fcdahaleyi mutlak bir \u015fekilde reddeden \u015eanghay \u0130\u015fbirli\u011fi \u00d6rg\u00fct\u00fc \u00c7in, Rusya, Kazakistan, K\u0131rg\u0131zistan, Tacikistan ve \u00d6zbekistan\u2019\u0131n \u00fcyeli\u011finden olu\u015furken; Mo\u011folistan, Hindistan, \u0130ran ve Pakistan \u00f6rg\u00fctte denetmen olarak yer al\u0131yor. T\u00fcrkiye, Belarus, Sirilanka ve Afganistan ise \u00f6rg\u00fct diyalogunda ortak s\u0131fat\u0131 ta\u015f\u0131yor.<\/p>\n","protected":false},"excerpt":{"rendered":"<p>DU\u015eANBE \u2013 \u015eanghay \u0130\u015fbirli\u011fi \u00d6rg\u00fct\u00fc; Suriye&#8217;deki krizin mutlak bir \u015fekilde siyasi ve diplomatik yollarla \u00e7\u00f6z\u00fclmesi gere\u011finin alt\u0131n\u0131 bir kez daha \u00e7izerek, bu ba\u011flamda siyasi ve diplomatik \u00e7abalar\u0131n daha \u00e7ok peki\u015ftirilmesi \u00e7a\u011fr\u0131s\u0131nda bulundu. Rus Itar-Tass Haber Ajans\u0131n\u0131n bug\u00fcn aktard\u0131\u011f\u0131 beyanda \u00d6rg\u00fctte \u00fcye \u00fclkelerin d\u0131\u015fi\u015fleri bakanlar\u0131; \u2018Suriye&#8217;deki i\u00e7 diyalogun 30 Haziran 2012 tarihinde ilan edilen Cenevre I &hellip;<\/p>\n","protected":false},"author":1,"featured_media":0,"comment_status":"closed","ping_status":"closed","sticky":false,"template":"","format":"standard","meta":{"footnotes":""},"categories":[458,459,447],"tags":[1383],"class_list":["post-6250","post","type-post","status-publish","format-standard","","category-dunya1","category-haberler-arap-uluslararasi-politika","category-politika","tag-sanghay-bir-kez-daha-siyasi-cozum-geregine-vurgu-yapti"],"_links":{"self":[{"href":"https:\/\/archive.sana.sy\/tr\/index.php?rest_route=\/wp\/v2\/posts\/6250","targetHints":{"allow":["GET"]}}],"collection":[{"href":"https:\/\/archive.sana.sy\/tr\/index.php?rest_route=\/wp\/v2\/posts"}],"about":[{"href":"https:\/\/archive.sana.sy\/tr\/index.php?rest_route=\/wp\/v2\/types\/post"}],"author":[{"embeddable":true,"href":"https:\/\/archive.sana.sy\/tr\/index.php?rest_route=\/wp\/v2\/users\/1"}],"replies":[{"embeddable":true,"href":"https:\/\/archive.sana.sy\/tr\/index.php?rest_route=%2Fwp%2Fv2%2Fcomments&post=6250"}],"version-history":[{"count":0,"href":"https:\/\/archive.sana.sy\/tr\/index.php?rest_route=\/wp\/v2\/posts\/6250\/revisions"}],"wp:attachment":[{"href":"https:\/\/archive.sana.sy\/tr\/index.php?rest_route=%2Fwp%2Fv2%2Fmedia&parent=6250"}],"wp:term":[{"taxonomy":"category","embeddable":true,"href":"https:\/\/archive.sana.sy\/tr\/index.php?rest_route=%2Fwp%2Fv2%2Fcategories&post=6250"},{"taxonomy":"post_tag","embeddable":true,"href":"https:\/\/archive.sana.sy\/tr\/index.php?rest_route=%2Fwp%2Fv2%2Ftags&post=6250"}],"curies":[{"name":"wp","href":"https:\/\/api.w.org\/{rel}","templated":true}]}}