{"id":62508,"date":"2016-02-22T16:20:51","date_gmt":"2016-02-22T14:20:51","guid":{"rendered":"http:\/\/www.sana.sy\/tr\/?p=62508"},"modified":"2016-02-22T16:11:56","modified_gmt":"2016-02-22T14:11:56","slug":"bakanlik-guvenlik-konseyinin-bu-tutumunun-isid-ve-isverenleri-olan-suudi-arabistan-ve-turkiye-rejimlerinin-suriye-halkina-karsi-katliam-ve-vahsetlerini-surdurmelerine-de-tesvik-unsuru-teskil-ettigini","status":"publish","type":"post","link":"https:\/\/archive.sana.sy\/tr\/?p=62508","title":{"rendered":"Bakanl\u0131k G\u00fcvenlik Konseyinin bu tutumunun I\u015e\u0130D ve i\u015fverenleri olan Suudi Arabistan ve T\u00fcrkiye rejimlerinin Suriye halk\u0131na kar\u015f\u0131 katliam ve vah\u015fetlerini s\u00fcrd\u00fcrmelerine de te\u015fvik unsuru te\u015fkil etti\u011fini ifade etti"},"content":{"rendered":"<p>Bakanl\u0131k G\u00fcvenlik Konseyinin bu tutumunun I\u015e\u0130D ve i\u015fverenleri olan Suudi Arabistan ve T\u00fcrkiye rejimlerinin Suriye halk\u0131na kar\u015f\u0131 katliam ve vah\u015fetlerini s\u00fcrd\u00fcrmelerine de te\u015fvik unsuru te\u015fkil etti\u011fini ifade etti<\/p>\n","protected":false},"excerpt":{"rendered":"<p>Bakanl\u0131k G\u00fcvenlik Konseyinin bu tutumunun I\u015e\u0130D ve i\u015fverenleri olan Suudi Arabistan ve T\u00fcrkiye rejimlerinin Suriye halk\u0131na kar\u015f\u0131 katliam ve vah\u015fetlerini s\u00fcrd\u00fcrmelerine de te\u015fvik unsuru te\u015fkil etti\u011fini ifade etti<\/p>\n","protected":false},"author":1,"featured_media":0,"comment_status":"closed","ping_status":"closed","sticky":false,"template":"","format":"standard","meta":{"footnotes":""},"categories":[17991],"tags":[],"class_list":["post-62508","post","type-post","status-publish","format-standard","","category-son-dakika"],"_links":{"self":[{"href":"https:\/\/archive.sana.sy\/tr\/index.php?rest_route=\/wp\/v2\/posts\/62508","targetHints":{"allow":["GET"]}}],"collection":[{"href":"https:\/\/archive.sana.sy\/tr\/index.php?rest_route=\/wp\/v2\/posts"}],"about":[{"href":"https:\/\/archive.sana.sy\/tr\/index.php?rest_route=\/wp\/v2\/types\/post"}],"author":[{"embeddable":true,"href":"https:\/\/archive.sana.sy\/tr\/index.php?rest_route=\/wp\/v2\/users\/1"}],"replies":[{"embeddable":true,"href":"https:\/\/archive.sana.sy\/tr\/index.php?rest_route=%2Fwp%2Fv2%2Fcomments&post=62508"}],"version-history":[{"count":0,"href":"https:\/\/archive.sana.sy\/tr\/index.php?rest_route=\/wp\/v2\/posts\/62508\/revisions"}],"wp:attachment":[{"href":"https:\/\/archive.sana.sy\/tr\/index.php?rest_route=%2Fwp%2Fv2%2Fmedia&parent=62508"}],"wp:term":[{"taxonomy":"category","embeddable":true,"href":"https:\/\/archive.sana.sy\/tr\/index.php?rest_route=%2Fwp%2Fv2%2Fcategories&post=62508"},{"taxonomy":"post_tag","embeddable":true,"href":"https:\/\/archive.sana.sy\/tr\/index.php?rest_route=%2Fwp%2Fv2%2Ftags&post=62508"}],"curies":[{"name":"wp","href":"https:\/\/api.w.org\/{rel}","templated":true}]}}