{"id":62514,"date":"2016-02-22T19:30:09","date_gmt":"2016-02-22T17:30:09","guid":{"rendered":"http:\/\/www.sana.sy\/tr\/?p=62514"},"modified":"2016-02-23T16:49:19","modified_gmt":"2016-02-23T14:49:19","slug":"62514","status":"publish","type":"post","link":"https:\/\/archive.sana.sy\/tr\/?p=62514","title":{"rendered":"Vatan Koruyucular\u0131m\u0131z Ter\u00f6r Gruplar\u0131n\u0131 Bertaraf Etmeye Devam Ediyor"},"content":{"rendered":"<p>\u0130LLER \u2013 \u00dclkenin kuzeyinde \u2018Fetih Ordusu\u2019nun T\u00fcrkiye\u2019den destek hatlar\u0131 ve toplanma yerlerini hedef alarak Erdo\u011fan \u00e7etelerini b\u00fcy\u00fck kay\u0131plara u\u011fratan ordu birliklerimiz Halep k\u0131rsal\u0131nda da yine Erdo\u011fan rejiminin destekledi\u011fi I\u015e\u0130D tekfircine y\u00f6nelik operasyonlar\u0131n\u0131 s\u00fcrd\u00fcr\u00fcyor.<\/p>\n<p><span style=\"color: #0000ff\">HOMS:<\/span><\/p>\n<p>Askeri kaynak SANA\u2019ya a\u00e7\u0131klamas\u0131nda; hava g\u00fc\u00e7lerimizin Homs k\u0131rsal\u0131n\u0131n do\u011fusu Tedmur Kentinin civar\u0131n\u0131n yan\u0131 s\u0131ra Karyeteyn Kentinin s\u0131n\u0131rlar\u0131na d\u00fc\u015fen Tlul el Suvd B\u00f6lgesinde I\u015e\u0130D ter\u00f6r \u00f6rg\u00fct\u00fcn\u00fcn siper ve toplanma yerlerine y\u00f6nelik hava operasyonlar\u0131 ger\u00e7ekle\u015ftirdiklerini ifade etti. Kaynak; operasyonlarda \u00e7ok say\u0131da ter\u00f6ristin \u00f6l\u00fc ve yaral\u0131 d\u00fc\u015f\u00fcr\u00fcl\u00fcp ara\u00e7,silah ve m\u00fchimmatlar\u0131n\u0131n da tamam\u0131yla imha edildi\u011fine dikkat \u00e7ekti.<\/p>\n<p>Homs Kentinin yakla\u015f\u0131k 7 km kuzeyine d\u00fc\u015fen Teyrmale K\u00f6y\u00fcnde de hava g\u00fc\u00e7lerimizin Nusra Cephesine tabi 2 komuta karargah\u0131n\u0131 yo\u011fun ate\u015fe tutuklar\u0131n\u0131 belirten kaynak; bir\u00e7ok ter\u00f6risti \u00f6ld\u00fcr\u00fcp havzalar\u0131nda bulunan silah ve m\u00fchimmatlar\u0131n\u0131 yok ettiklerini s\u00f6yledi.<\/p>\n<p><span style=\"color: #0000ff\">HAMA:<\/span><\/p>\n<p>\u00d6te yandan saha kaynaklar\u0131; hava g\u00fc\u00e7lerimizin Hama k\u0131rsal\u0131n\u0131n bat\u0131s\u0131 Latamina Beldesinde katil Erdo\u011fan ve Vahhabi \u00c2l Suud rejimlerinin destekledikleri \u2018Fetih Ordusu\u2019nun siper ve mevkilerini imha etmeleriyle 13 ter\u00f6risti \u00f6ld\u00fcrmelerine e\u015f zamanl\u0131 olarak Kefar Zeyta Kentinde bir k\u0131sm\u0131 a\u011f\u0131r makineli silahlarla donat\u0131lm\u0131\u015f ara\u00e7lar\u0131n\u0131 tahrip ettiklerini aktard\u0131.<\/p>\n<p><span style=\"color: #0000ff\">HALEP:<\/span><\/p>\n<p>Ordu birliklerimiz T\u00fcrkiye rejimiyle ba\u011flant\u0131lar\u0131 tespit edilen I\u015e\u0130D tekfircilerini Halep k\u0131rsal\u0131n\u0131n do\u011fusu Esriya B\u00f6lgesinde a\u011f\u0131r kay\u0131plara u\u011frat\u0131rken kontrol\u00fc alt\u0131ndaki b\u00f6lgeleri de geni\u015fletti.<\/p>\n<p><span style=\"color: #0000ff\">DEYREZZOR:<\/span><\/p>\n<p>SANA&#8217;ya a\u00e7\u0131klama yapan askeri kaynak ordu birliklerimizin Deyrezzor Kentinin Sanayi Semtinde I\u015e\u0130D tekfircilerinin silah ve m\u00fchimmat depolamada kulland\u0131klar\u0131 40 m uzunlu\u011funda bir t\u00fcneli imha etti\u200fklerini beyan etti.<\/p>\n<p><span style=\"color: #0000ff\">LAZK\u0130YE:<\/span><\/p>\n<p>Ak\u015fam saatlerinde a\u00e7\u0131klama yapan askeri kaynak; ordu birliklerimizin Halk Savunma G\u00fc\u00e7leriyle i\u015fbirli\u011fi i\u00e7inde Lazkiye k\u0131rsal\u0131n\u0131n kuzeyi Kamue ve el Kefarsend da\u011flar\u0131n\u0131n yan\u0131 s\u0131ra Krom Hassat K\u00f6y\u00fcn\u00fc katil Erdo\u011fan \u00e7etelerinden temizleyerek kontrollerine ge\u00e7irdiklerini belirtti.<\/p>\n<p>M.M.<\/p>\n","protected":false},"excerpt":{"rendered":"<p>\u0130LLER \u2013 \u00dclkenin kuzeyinde \u2018Fetih Ordusu\u2019nun T\u00fcrkiye\u2019den destek hatlar\u0131 ve toplanma yerlerini hedef alarak Erdo\u011fan \u00e7etelerini b\u00fcy\u00fck kay\u0131plara u\u011fratan ordu birliklerimiz Halep k\u0131rsal\u0131nda da yine Erdo\u011fan rejiminin destekledi\u011fi I\u015e\u0130D tekfircine y\u00f6nelik operasyonlar\u0131n\u0131 s\u00fcrd\u00fcr\u00fcyor. HOMS: Askeri kaynak SANA\u2019ya a\u00e7\u0131klamas\u0131nda; hava g\u00fc\u00e7lerimizin Homs k\u0131rsal\u0131n\u0131n do\u011fusu Tedmur Kentinin civar\u0131n\u0131n yan\u0131 s\u0131ra Karyeteyn Kentinin s\u0131n\u0131rlar\u0131na d\u00fc\u015fen Tlul el Suvd &hellip;<\/p>\n","protected":false},"author":1,"featured_media":62515,"comment_status":"closed","ping_status":"closed","sticky":false,"template":"","format":"standard","meta":{"footnotes":""},"categories":[575],"tags":[],"class_list":["post-62514","post","type-post","status-publish","format-standard","has-post-thumbnail","","category-olaylar-ve-gercekler"],"_links":{"self":[{"href":"https:\/\/archive.sana.sy\/tr\/index.php?rest_route=\/wp\/v2\/posts\/62514","targetHints":{"allow":["GET"]}}],"collection":[{"href":"https:\/\/archive.sana.sy\/tr\/index.php?rest_route=\/wp\/v2\/posts"}],"about":[{"href":"https:\/\/archive.sana.sy\/tr\/index.php?rest_route=\/wp\/v2\/types\/post"}],"author":[{"embeddable":true,"href":"https:\/\/archive.sana.sy\/tr\/index.php?rest_route=\/wp\/v2\/users\/1"}],"replies":[{"embeddable":true,"href":"https:\/\/archive.sana.sy\/tr\/index.php?rest_route=%2Fwp%2Fv2%2Fcomments&post=62514"}],"version-history":[{"count":0,"href":"https:\/\/archive.sana.sy\/tr\/index.php?rest_route=\/wp\/v2\/posts\/62514\/revisions"}],"wp:featuredmedia":[{"embeddable":true,"href":"https:\/\/archive.sana.sy\/tr\/index.php?rest_route=\/wp\/v2\/media\/62515"}],"wp:attachment":[{"href":"https:\/\/archive.sana.sy\/tr\/index.php?rest_route=%2Fwp%2Fv2%2Fmedia&parent=62514"}],"wp:term":[{"taxonomy":"category","embeddable":true,"href":"https:\/\/archive.sana.sy\/tr\/index.php?rest_route=%2Fwp%2Fv2%2Fcategories&post=62514"},{"taxonomy":"post_tag","embeddable":true,"href":"https:\/\/archive.sana.sy\/tr\/index.php?rest_route=%2Fwp%2Fv2%2Ftags&post=62514"}],"curies":[{"name":"wp","href":"https:\/\/api.w.org\/{rel}","templated":true}]}}