{"id":6252,"date":"2014-07-31T16:19:35","date_gmt":"2014-07-31T13:19:35","guid":{"rendered":"http:\/\/www.sana.sy\/tr\/?p=6252"},"modified":"2014-08-02T12:39:19","modified_gmt":"2014-08-02T09:39:19","slug":"kuruldugu-gunden-bu-yana-dusmana-diz-cokturen-bir-ordu","status":"publish","type":"post","link":"https:\/\/archive.sana.sy\/tr\/?p=6252","title":{"rendered":"Kuruldu\u011fu G\u00fcnden Bu Yana D\u00fc\u015fmana Diz \u00c7\u00f6kt\u00fcren Bir Ordu"},"content":{"rendered":"<p>\u015eAM \u2013 69 y\u0131l \u00f6nce kuruldu\u011fu g\u00fcnden bu yana Arap topraklar\u0131, ulusu davalar\u0131, onuru ve iradesinin en \u00f6n saflardaki savunucusu olan Suriye Arap Ordusu girdi\u011fi her \u00e7at\u0131\u015fmada d\u00fc\u015fmana diz \u00e7\u00f6kt\u00fcrerek defalarca kahramanl\u0131\u011f\u0131n\u0131 ve vatanseverli\u011fini b\u00fct\u00fcn d\u00fcnyan\u0131n g\u00f6zleri \u00f6n\u00fcnde kan\u0131tlad\u0131.<\/p>\n<p>Kuruldu\u011fu g\u00fcnden bu yana Arap ulusalc\u0131l\u0131\u011f\u0131, halk\u00e7\u0131l\u0131k ve vatanseverlik de\u011ferleri pusulas\u0131ndan hi\u00e7 \u015fa\u015fmayan Kahraman Ordumuz, 69 y\u0131ld\u0131r vatan d\u00fc\u015fmanlar\u0131na kar\u015f\u0131 m\u00fccadelede yazd\u0131\u011f\u0131 destanlara yenilerini eklemeye devam ediyor.<\/p>\n<p>Kahraman Ordumuz, 1948 y\u0131l\u0131nda Filistin topraklar\u0131n\u0131 i\u015fgal eden Siyonist olu\u015fum kar\u015f\u0131s\u0131nda bug\u00fcne kadar Filistin halk\u0131n\u0131n kalkan\u0131 olmaya devam ediyor, 1956 y\u0131l\u0131nda topraklar\u0131 \u00fc\u00e7 kere sald\u0131r\u0131ya maruz kalan M\u0131s\u0131r topraklar\u0131n\u0131 teredd\u00fcts\u00fczce savunan ordumuz 6 y\u0131l boyunca devam eden sava\u015fta tarihi direni\u015flerin alt\u0131na imzas\u0131n\u0131 att\u0131.<\/p>\n<p>Hi\u00e7bir tarih\u00e7i L\u00fcbnan\u2019\u0131n birlik, b\u00fct\u00fcnl\u00fck ve ba\u011f\u0131ms\u0131zl\u0131\u011f\u0131 i\u00e7in verilen direni\u015fi anmadan Ortado\u011fu tarihini anlatamaz ki bu direni\u015fin de ba\u015f akt\u00f6r\u00fcyd\u00fc Suriye Arap Ordusu\u2026<\/p>\n<p>Ve g\u00fcn\u00fcm\u00fczde stratejik ve askeri analizciler Kahraman Ordumuzun, uluslararas\u0131 finans, lojistik ve medya deste\u011fi ile vatan topraklar\u0131n\u0131 kana bulayan tekfirci ter\u00f6r gruplar\u0131na kar\u015f\u0131 verdi\u011fi m\u00fccadelenin daha \u00f6ncesinde s\u00f6m\u00fcrgeci g\u00fc\u00e7lere kar\u015f\u0131 verilen m\u00fccadeleden \u00e7ok daha farkl\u0131 oldu\u011funa dikkat \u00e7ekiyorlar.<\/p>\n<p>Bug\u00fcn b\u00fct\u00fcn k\u0131\u015fk\u0131rtmalar ve uluslararas\u0131 uygulanan dezenformasyonun g\u00f6lgesinde vatan topraklar\u0131nda ter\u00f6re kar\u015f\u0131 verdi\u011fi destans\u0131 m\u00fccadeleyle b\u00f6lgesel ve uluslararas\u0131 prestijini kat kat b\u00fcy\u00fcten Kahraman Ordumuz, tarihi boyunca vatan topraklar\u0131n\u0131 tehdit ihtimaline kar\u015f\u0131 teyakkuz halinde kalma ilkesiyle bir g\u00fcn bile e\u011fitim ve geli\u015fimine ara vermemi\u015ftir.<\/p>\n<div id='gallery-1' class='gallery galleryid-6252 gallery-columns-2 gallery-size-thumbnail'><figure class='gallery-item'>\n\t\t\t<div class='gallery-icon landscape'>\n\t\t\t\t<a href='https:\/\/archive.sana.sy\/tr\/wp-content\/uploads\/2014\/07\/ordu-8.jpg'><img loading=\"lazy\" decoding=\"async\" width=\"150\" height=\"100\" src=\"https:\/\/archive.sana.sy\/tr\/wp-content\/uploads\/2014\/07\/ordu-8-150x100.jpg\" class=\"attachment-thumbnail size-thumbnail\" alt=\"\" srcset=\"https:\/\/archive.sana.sy\/tr\/wp-content\/uploads\/2014\/07\/ordu-8-150x100.jpg 150w, https:\/\/archive.sana.sy\/tr\/wp-content\/uploads\/2014\/07\/ordu-8-300x200.jpg 300w, https:\/\/archive.sana.sy\/tr\/wp-content\/uploads\/2014\/07\/ordu-8-1024x685.jpg 1024w\" sizes=\"auto, (max-width: 150px) 100vw, 150px\" \/><\/a>\n\t\t\t<\/div><\/figure><figure class='gallery-item'>\n\t\t\t<div class='gallery-icon landscape'>\n\t\t\t\t<a href='https:\/\/archive.sana.sy\/tr\/wp-content\/uploads\/2014\/07\/ordu-11.jpg'><img loading=\"lazy\" decoding=\"async\" width=\"150\" height=\"99\" src=\"https:\/\/archive.sana.sy\/tr\/wp-content\/uploads\/2014\/07\/ordu-11-150x99.jpg\" class=\"attachment-thumbnail size-thumbnail\" alt=\"\" srcset=\"https:\/\/archive.sana.sy\/tr\/wp-content\/uploads\/2014\/07\/ordu-11-150x99.jpg 150w, https:\/\/archive.sana.sy\/tr\/wp-content\/uploads\/2014\/07\/ordu-11-300x199.jpg 300w, https:\/\/archive.sana.sy\/tr\/wp-content\/uploads\/2014\/07\/ordu-11-1024x680.jpg 1024w\" sizes=\"auto, (max-width: 150px) 100vw, 150px\" \/><\/a>\n\t\t\t<\/div><\/figure><figure class='gallery-item'>\n\t\t\t<div class='gallery-icon landscape'>\n\t\t\t\t<a href='https:\/\/archive.sana.sy\/tr\/wp-content\/uploads\/2014\/07\/ordu-2.jpg'><img loading=\"lazy\" decoding=\"async\" width=\"150\" height=\"53\" src=\"https:\/\/archive.sana.sy\/tr\/wp-content\/uploads\/2014\/07\/ordu-2-150x53.jpg\" class=\"attachment-thumbnail size-thumbnail\" alt=\"\" srcset=\"https:\/\/archive.sana.sy\/tr\/wp-content\/uploads\/2014\/07\/ordu-2-150x53.jpg 150w, https:\/\/archive.sana.sy\/tr\/wp-content\/uploads\/2014\/07\/ordu-2-300x106.jpg 300w, https:\/\/archive.sana.sy\/tr\/wp-content\/uploads\/2014\/07\/ordu-2-1024x362.jpg 1024w, https:\/\/archive.sana.sy\/tr\/wp-content\/uploads\/2014\/07\/ordu-2.jpg 1984w\" sizes=\"auto, (max-width: 150px) 100vw, 150px\" \/><\/a>\n\t\t\t<\/div><\/figure><figure class='gallery-item'>\n\t\t\t<div class='gallery-icon landscape'>\n\t\t\t\t<a href='https:\/\/archive.sana.sy\/tr\/wp-content\/uploads\/2014\/07\/ordu-3.jpg'><img loading=\"lazy\" decoding=\"async\" width=\"150\" height=\"124\" src=\"https:\/\/archive.sana.sy\/tr\/wp-content\/uploads\/2014\/07\/ordu-3-150x124.jpg\" class=\"attachment-thumbnail size-thumbnail\" alt=\"\" srcset=\"https:\/\/archive.sana.sy\/tr\/wp-content\/uploads\/2014\/07\/ordu-3-150x124.jpg 150w, https:\/\/archive.sana.sy\/tr\/wp-content\/uploads\/2014\/07\/ordu-3-300x249.jpg 300w, https:\/\/archive.sana.sy\/tr\/wp-content\/uploads\/2014\/07\/ordu-3-1024x850.jpg 1024w\" sizes=\"auto, (max-width: 150px) 100vw, 150px\" \/><\/a>\n\t\t\t<\/div><\/figure><figure class='gallery-item'>\n\t\t\t<div class='gallery-icon landscape'>\n\t\t\t\t<a href='https:\/\/archive.sana.sy\/tr\/wp-content\/uploads\/2014\/07\/ordu-4.jpg'><img loading=\"lazy\" decoding=\"async\" width=\"150\" height=\"99\" src=\"https:\/\/archive.sana.sy\/tr\/wp-content\/uploads\/2014\/07\/ordu-4-150x99.jpg\" class=\"attachment-thumbnail size-thumbnail\" alt=\"\" srcset=\"https:\/\/archive.sana.sy\/tr\/wp-content\/uploads\/2014\/07\/ordu-4-150x99.jpg 150w, https:\/\/archive.sana.sy\/tr\/wp-content\/uploads\/2014\/07\/ordu-4-300x199.jpg 300w, https:\/\/archive.sana.sy\/tr\/wp-content\/uploads\/2014\/07\/ordu-4-1024x680.jpg 1024w\" sizes=\"auto, (max-width: 150px) 100vw, 150px\" \/><\/a>\n\t\t\t<\/div><\/figure><figure class='gallery-item'>\n\t\t\t<div class='gallery-icon landscape'>\n\t\t\t\t<a href='https:\/\/archive.sana.sy\/tr\/wp-content\/uploads\/2014\/07\/ordu-5.jpg'><img loading=\"lazy\" decoding=\"async\" width=\"150\" height=\"99\" src=\"https:\/\/archive.sana.sy\/tr\/wp-content\/uploads\/2014\/07\/ordu-5-150x99.jpg\" class=\"attachment-thumbnail size-thumbnail\" alt=\"\" srcset=\"https:\/\/archive.sana.sy\/tr\/wp-content\/uploads\/2014\/07\/ordu-5-150x99.jpg 150w, https:\/\/archive.sana.sy\/tr\/wp-content\/uploads\/2014\/07\/ordu-5-300x199.jpg 300w, https:\/\/archive.sana.sy\/tr\/wp-content\/uploads\/2014\/07\/ordu-5-1024x680.jpg 1024w\" sizes=\"auto, (max-width: 150px) 100vw, 150px\" \/><\/a>\n\t\t\t<\/div><\/figure><figure class='gallery-item'>\n\t\t\t<div class='gallery-icon landscape'>\n\t\t\t\t<a href='https:\/\/archive.sana.sy\/tr\/wp-content\/uploads\/2014\/07\/ordu-6.jpg'><img loading=\"lazy\" decoding=\"async\" width=\"150\" height=\"78\" src=\"https:\/\/archive.sana.sy\/tr\/wp-content\/uploads\/2014\/07\/ordu-6-150x78.jpg\" class=\"attachment-thumbnail size-thumbnail\" alt=\"\" srcset=\"https:\/\/archive.sana.sy\/tr\/wp-content\/uploads\/2014\/07\/ordu-6-150x78.jpg 150w, https:\/\/archive.sana.sy\/tr\/wp-content\/uploads\/2014\/07\/ordu-6-300x157.jpg 300w, https:\/\/archive.sana.sy\/tr\/wp-content\/uploads\/2014\/07\/ordu-6-1024x537.jpg 1024w, https:\/\/archive.sana.sy\/tr\/wp-content\/uploads\/2014\/07\/ordu-6.jpg 1984w\" sizes=\"auto, (max-width: 150px) 100vw, 150px\" \/><\/a>\n\t\t\t<\/div><\/figure><figure class='gallery-item'>\n\t\t\t<div class='gallery-icon landscape'>\n\t\t\t\t<a href='https:\/\/archive.sana.sy\/tr\/wp-content\/uploads\/2014\/07\/ordu-7.jpg'><img loading=\"lazy\" decoding=\"async\" width=\"150\" height=\"97\" src=\"https:\/\/archive.sana.sy\/tr\/wp-content\/uploads\/2014\/07\/ordu-7-150x97.jpg\" class=\"attachment-thumbnail size-thumbnail\" alt=\"\" srcset=\"https:\/\/archive.sana.sy\/tr\/wp-content\/uploads\/2014\/07\/ordu-7-150x97.jpg 150w, https:\/\/archive.sana.sy\/tr\/wp-content\/uploads\/2014\/07\/ordu-7-300x194.jpg 300w, https:\/\/archive.sana.sy\/tr\/wp-content\/uploads\/2014\/07\/ordu-7-1024x662.jpg 1024w\" sizes=\"auto, (max-width: 150px) 100vw, 150px\" \/><\/a>\n\t\t\t<\/div><\/figure>\n\t\t<\/div>\n\n","protected":false},"excerpt":{"rendered":"<p>\u015eAM \u2013 69 y\u0131l \u00f6nce kuruldu\u011fu g\u00fcnden bu yana Arap topraklar\u0131, ulusu davalar\u0131, onuru ve iradesinin en \u00f6n saflardaki savunucusu olan Suriye Arap Ordusu girdi\u011fi her \u00e7at\u0131\u015fmada d\u00fc\u015fmana diz \u00e7\u00f6kt\u00fcrerek defalarca kahramanl\u0131\u011f\u0131n\u0131 ve vatanseverli\u011fini b\u00fct\u00fcn d\u00fcnyan\u0131n g\u00f6zleri \u00f6n\u00fcnde kan\u0131tlad\u0131. Kuruldu\u011fu g\u00fcnden bu yana Arap ulusalc\u0131l\u0131\u011f\u0131, halk\u00e7\u0131l\u0131k ve vatanseverlik de\u011ferleri pusulas\u0131ndan hi\u00e7 \u015fa\u015fmayan Kahraman Ordumuz, 69 &hellip;<\/p>\n","protected":false},"author":1,"featured_media":6253,"comment_status":"closed","ping_status":"closed","sticky":false,"template":"","format":"standard","meta":{"footnotes":""},"categories":[447,478],"tags":[1384],"class_list":["post-6252","post","type-post","status-publish","format-standard","has-post-thumbnail","","category-politika","category-yerel","tag-kuruldugu-gunden-bu-yana-dusmana-diz-cokturen-bir-ordu"],"_links":{"self":[{"href":"https:\/\/archive.sana.sy\/tr\/index.php?rest_route=\/wp\/v2\/posts\/6252","targetHints":{"allow":["GET"]}}],"collection":[{"href":"https:\/\/archive.sana.sy\/tr\/index.php?rest_route=\/wp\/v2\/posts"}],"about":[{"href":"https:\/\/archive.sana.sy\/tr\/index.php?rest_route=\/wp\/v2\/types\/post"}],"author":[{"embeddable":true,"href":"https:\/\/archive.sana.sy\/tr\/index.php?rest_route=\/wp\/v2\/users\/1"}],"replies":[{"embeddable":true,"href":"https:\/\/archive.sana.sy\/tr\/index.php?rest_route=%2Fwp%2Fv2%2Fcomments&post=6252"}],"version-history":[{"count":0,"href":"https:\/\/archive.sana.sy\/tr\/index.php?rest_route=\/wp\/v2\/posts\/6252\/revisions"}],"wp:featuredmedia":[{"embeddable":true,"href":"https:\/\/archive.sana.sy\/tr\/index.php?rest_route=\/wp\/v2\/media\/6253"}],"wp:attachment":[{"href":"https:\/\/archive.sana.sy\/tr\/index.php?rest_route=%2Fwp%2Fv2%2Fmedia&parent=6252"}],"wp:term":[{"taxonomy":"category","embeddable":true,"href":"https:\/\/archive.sana.sy\/tr\/index.php?rest_route=%2Fwp%2Fv2%2Fcategories&post=6252"},{"taxonomy":"post_tag","embeddable":true,"href":"https:\/\/archive.sana.sy\/tr\/index.php?rest_route=%2Fwp%2Fv2%2Ftags&post=6252"}],"curies":[{"name":"wp","href":"https:\/\/api.w.org\/{rel}","templated":true}]}}