{"id":62526,"date":"2016-02-22T19:26:34","date_gmt":"2016-02-22T17:26:34","guid":{"rendered":"http:\/\/www.sana.sy\/tr\/?p=62526"},"modified":"2016-02-23T15:21:25","modified_gmt":"2016-02-23T13:21:25","slug":"aksam-saatlerinde-aciklama-yapan-askeri-kaynak-ordu-birliklerimizin-halk-savunma-gucleriyle-isbirligi-icinde-lazkiye-kirsalinin-kuzeyi-kamue-ve-el-kefarsend-daglarinin-yani-sira-krom-hassat-koyunu-ka","status":"publish","type":"post","link":"https:\/\/archive.sana.sy\/tr\/?p=62526","title":{"rendered":"Ak\u015fam saatlerinde a\u00e7\u0131klama yapan askeri kaynak; ordu birliklerimizin Halk Savunma G\u00fc\u00e7leriyle i\u015fbirli\u011fi i\u00e7inde Lazkiye k\u0131rsal\u0131n\u0131n kuzeyi Kamue ve el Kefarsend da\u011flar\u0131n\u0131n yan\u0131 s\u0131ra Krom Hassat K\u00f6y\u00fcn\u00fc katil Erdo\u011fan \u00e7etelerinden temizleyerek kontrollerine ge\u00e7irdiklerini belirtti"},"content":{"rendered":"<p>Ak\u015fam saatlerinde a\u00e7\u0131klama yapan askeri kaynak; ordu birliklerimizin Halk Savunma G\u00fc\u00e7leriyle i\u015fbirli\u011fi i\u00e7inde Lazkiye k\u0131rsal\u0131n\u0131n kuzeyi Kamue ve el Kefarsend da\u011flar\u0131n\u0131n yan\u0131 s\u0131ra Krom Hassat K\u00f6y\u00fcn\u00fc katil Erdo\u011fan \u00e7etelerinden temizleyerek kontrollerine ge\u00e7irdiklerini belirtti<\/p>\n","protected":false},"excerpt":{"rendered":"<p>Ak\u015fam saatlerinde a\u00e7\u0131klama yapan askeri kaynak; ordu birliklerimizin Halk Savunma G\u00fc\u00e7leriyle i\u015fbirli\u011fi i\u00e7inde Lazkiye k\u0131rsal\u0131n\u0131n kuzeyi Kamue ve el Kefarsend da\u011flar\u0131n\u0131n yan\u0131 s\u0131ra Krom Hassat K\u00f6y\u00fcn\u00fc katil Erdo\u011fan \u00e7etelerinden temizleyerek kontrollerine ge\u00e7irdiklerini belirtti<\/p>\n","protected":false},"author":1,"featured_media":0,"comment_status":"closed","ping_status":"closed","sticky":false,"template":"","format":"standard","meta":{"footnotes":""},"categories":[17991],"tags":[],"class_list":["post-62526","post","type-post","status-publish","format-standard","","category-son-dakika"],"_links":{"self":[{"href":"https:\/\/archive.sana.sy\/tr\/index.php?rest_route=\/wp\/v2\/posts\/62526","targetHints":{"allow":["GET"]}}],"collection":[{"href":"https:\/\/archive.sana.sy\/tr\/index.php?rest_route=\/wp\/v2\/posts"}],"about":[{"href":"https:\/\/archive.sana.sy\/tr\/index.php?rest_route=\/wp\/v2\/types\/post"}],"author":[{"embeddable":true,"href":"https:\/\/archive.sana.sy\/tr\/index.php?rest_route=\/wp\/v2\/users\/1"}],"replies":[{"embeddable":true,"href":"https:\/\/archive.sana.sy\/tr\/index.php?rest_route=%2Fwp%2Fv2%2Fcomments&post=62526"}],"version-history":[{"count":0,"href":"https:\/\/archive.sana.sy\/tr\/index.php?rest_route=\/wp\/v2\/posts\/62526\/revisions"}],"wp:attachment":[{"href":"https:\/\/archive.sana.sy\/tr\/index.php?rest_route=%2Fwp%2Fv2%2Fmedia&parent=62526"}],"wp:term":[{"taxonomy":"category","embeddable":true,"href":"https:\/\/archive.sana.sy\/tr\/index.php?rest_route=%2Fwp%2Fv2%2Fcategories&post=62526"},{"taxonomy":"post_tag","embeddable":true,"href":"https:\/\/archive.sana.sy\/tr\/index.php?rest_route=%2Fwp%2Fv2%2Ftags&post=62526"}],"curies":[{"name":"wp","href":"https:\/\/api.w.org\/{rel}","templated":true}]}}