{"id":62553,"date":"2016-02-23T08:11:23","date_gmt":"2016-02-23T06:11:23","guid":{"rendered":"http:\/\/www.sana.sy\/tr\/?p=62553"},"modified":"2016-02-23T15:37:58","modified_gmt":"2016-02-23T13:37:58","slug":"hilal-sivil-aktivistler-ve-halk-temsilcileri-buyuk-bir-misyon-ustlendiler","status":"publish","type":"post","link":"https:\/\/archive.sana.sy\/tr\/?p=62553","title":{"rendered":"Sivil Aktivistler ve Halk Temsilcileri B\u00fcy\u00fck Bir Misyon \u00dcstlendiler"},"content":{"rendered":"<p>\u015eAM \u2013 Sosyalist Arap el Baas Partisi Genel Sekreter Yard\u0131mc\u0131s\u0131 Hilal el Hilal; sivil aktivist ve halk temsilcilerinin ge\u00e7ti\u011fimiz y\u0131llar boyunca ter\u00f6re kar\u015f\u0131 m\u00fccadelede her zaman kahraman ordu birliklerimizi kucaklayarak ve onlara destek olarak belirleyici ve \u00f6nemli bir misyon \u00fcstlendiklerini ifade etti.<\/p>\n<p>D\u00fcn farkl\u0131 illerden gelen bir grup sivil aktivist ve halk temsilcisi ile bir araya gelen Hilal; \u00fclkenin b\u00fct\u00fcn b\u00f6lge ve illerinde ya\u015fayan vatanda\u015flar\u0131n ya\u015fam ko\u015fullar\u0131n\u0131 ve s\u0131k\u0131nt\u0131lar\u0131n\u0131 anlamak i\u00e7in bu t\u00fcr g\u00f6r\u00fc\u015fmelerin b\u00fcy\u00fck bir \u00f6nem ta\u015f\u0131d\u0131\u011f\u0131n\u0131 dile getirerek Cumhurba\u015fkan\u0131 Be\u015f\u015far el Esad\u2019\u0131n sivil aktivistlerin ve halk temsilcilerinin bu alandaki \u00e7al\u0131\u015fmalar\u0131n\u0131 b\u00fcy\u00fck bir takdirle kar\u015f\u0131lad\u0131\u011f\u0131n\u0131 aktard\u0131.<\/p>\n<p>Suriye\u2019nin direni\u015fi ve g\u00fcc\u00fcn\u00fcn en \u00f6nemli s\u0131rr\u0131n\u0131n toplumsal ve n\u00fcfus yap\u0131s\u0131ndaki \u00e7e\u015fitlilik oldu\u011funa i\u015faret eden Hilal; Suriye\u2019ye kar\u015f\u0131 komplo kuranlar\u0131n be\u015f y\u0131l s\u00fcren \u00e7abalar\u0131na ra\u011fmen ama\u00e7lar\u0131na ula\u015famamas\u0131n\u0131n en \u00f6nemli sebebinin, Suriye halk\u0131n\u0131n birbirine ve vatan\u0131na s\u0131ms\u0131k\u0131 kenetlenmi\u015f yap\u0131s\u0131 oldu\u011funun alt\u0131n\u0131 \u00e7izdi.<\/p>\n<p>\u00dclkede kahraman ordu birliklerimiz kar\u015f\u0131s\u0131nda isyan bayra\u011f\u0131n\u0131 kald\u0131ran hi\u00e7bir b\u00f6lge bulunmad\u0131\u011f\u0131na dikkat \u00e7eken Hilal; ter\u00f6re kar\u015f\u0131 m\u00fccadelenin uzamas\u0131n\u0131n tek sebebinin kahraman ordu birliklerimizin sivil vatanda\u015flara zarar vermek istememesi oldu\u011funu beyan etti.<\/p>\n<p>Di\u011fer taraftan Suriyeli K\u00fcrtler Ulusal Giri\u015fimi Ba\u015fkan\u0131 \u00d6mer Avsi ba\u015fta ABD olmak \u00fczere Suriye\u2019ye d\u00fc\u015fman olan herkesin fitneye dayal\u0131 plan ve projelerini uygulamada b\u00fcy\u00fck bir ba\u015far\u0131s\u0131zl\u0131k ya\u015fad\u0131\u011f\u0131n\u0131 ifade ederek Suriyelilerin birbirine ve vatanlar\u0131na duyduklar\u0131 sevgi ve ba\u011fl\u0131l\u0131\u011f\u0131n bu projelerin hezimetini haz\u0131rlad\u0131\u011f\u0131n\u0131 vurgulad\u0131.<\/p>\n<div id='gallery-1' class='gallery galleryid-62553 gallery-columns-2 gallery-size-medium'><figure class='gallery-item'>\n\t\t\t<div class='gallery-icon landscape'>\n\t\t\t\t<a href='https:\/\/archive.sana.sy\/tr\/wp-content\/uploads\/2016\/02\/2-28.jpg'><img loading=\"lazy\" decoding=\"async\" width=\"300\" height=\"168\" src=\"https:\/\/archive.sana.sy\/tr\/wp-content\/uploads\/2016\/02\/2-28-300x168.jpg\" class=\"attachment-medium size-medium\" alt=\"\" srcset=\"https:\/\/archive.sana.sy\/tr\/wp-content\/uploads\/2016\/02\/2-28-300x168.jpg 300w, https:\/\/archive.sana.sy\/tr\/wp-content\/uploads\/2016\/02\/2-28-150x84.jpg 150w, https:\/\/archive.sana.sy\/tr\/wp-content\/uploads\/2016\/02\/2-28.jpg 660w\" sizes=\"auto, (max-width: 300px) 100vw, 300px\" \/><\/a>\n\t\t\t<\/div><\/figure><figure class='gallery-item'>\n\t\t\t<div class='gallery-icon landscape'>\n\t\t\t\t<a href='https:\/\/archive.sana.sy\/tr\/wp-content\/uploads\/2016\/02\/3-25.jpg'><img loading=\"lazy\" decoding=\"async\" width=\"300\" height=\"168\" src=\"https:\/\/archive.sana.sy\/tr\/wp-content\/uploads\/2016\/02\/3-25-300x168.jpg\" class=\"attachment-medium size-medium\" alt=\"\" srcset=\"https:\/\/archive.sana.sy\/tr\/wp-content\/uploads\/2016\/02\/3-25-300x168.jpg 300w, https:\/\/archive.sana.sy\/tr\/wp-content\/uploads\/2016\/02\/3-25-150x84.jpg 150w, https:\/\/archive.sana.sy\/tr\/wp-content\/uploads\/2016\/02\/3-25.jpg 660w\" sizes=\"auto, (max-width: 300px) 100vw, 300px\" \/><\/a>\n\t\t\t<\/div><\/figure>\n\t\t<\/div>\n\n<p>F.B. &#8211; R.H.<\/p>\n","protected":false},"excerpt":{"rendered":"<p>\u015eAM \u2013 Sosyalist Arap el Baas Partisi Genel Sekreter Yard\u0131mc\u0131s\u0131 Hilal el Hilal; sivil aktivist ve halk temsilcilerinin ge\u00e7ti\u011fimiz y\u0131llar boyunca ter\u00f6re kar\u015f\u0131 m\u00fccadelede her zaman kahraman ordu birliklerimizi kucaklayarak ve onlara destek olarak belirleyici ve \u00f6nemli bir misyon \u00fcstlendiklerini ifade etti. D\u00fcn farkl\u0131 illerden gelen bir grup sivil aktivist ve halk temsilcisi ile bir &hellip;<\/p>\n","protected":false},"author":1,"featured_media":62554,"comment_status":"closed","ping_status":"closed","sticky":false,"template":"","format":"standard","meta":{"footnotes":""},"categories":[479,17988,478],"tags":[19457],"class_list":["post-62553","post","type-post","status-publish","format-standard","has-post-thumbnail","","category-haberler-yerel","category-son-haberler","category-yerel","tag-hilal-sivil-aktivistler-ve-halk-temsilcileri-buyuk-bir-misyon-ustlendiler"],"_links":{"self":[{"href":"https:\/\/archive.sana.sy\/tr\/index.php?rest_route=\/wp\/v2\/posts\/62553","targetHints":{"allow":["GET"]}}],"collection":[{"href":"https:\/\/archive.sana.sy\/tr\/index.php?rest_route=\/wp\/v2\/posts"}],"about":[{"href":"https:\/\/archive.sana.sy\/tr\/index.php?rest_route=\/wp\/v2\/types\/post"}],"author":[{"embeddable":true,"href":"https:\/\/archive.sana.sy\/tr\/index.php?rest_route=\/wp\/v2\/users\/1"}],"replies":[{"embeddable":true,"href":"https:\/\/archive.sana.sy\/tr\/index.php?rest_route=%2Fwp%2Fv2%2Fcomments&post=62553"}],"version-history":[{"count":0,"href":"https:\/\/archive.sana.sy\/tr\/index.php?rest_route=\/wp\/v2\/posts\/62553\/revisions"}],"wp:featuredmedia":[{"embeddable":true,"href":"https:\/\/archive.sana.sy\/tr\/index.php?rest_route=\/wp\/v2\/media\/62554"}],"wp:attachment":[{"href":"https:\/\/archive.sana.sy\/tr\/index.php?rest_route=%2Fwp%2Fv2%2Fmedia&parent=62553"}],"wp:term":[{"taxonomy":"category","embeddable":true,"href":"https:\/\/archive.sana.sy\/tr\/index.php?rest_route=%2Fwp%2Fv2%2Fcategories&post=62553"},{"taxonomy":"post_tag","embeddable":true,"href":"https:\/\/archive.sana.sy\/tr\/index.php?rest_route=%2Fwp%2Fv2%2Ftags&post=62553"}],"curies":[{"name":"wp","href":"https:\/\/api.w.org\/{rel}","templated":true}]}}