{"id":62558,"date":"2016-02-23T11:51:23","date_gmt":"2016-02-23T09:51:23","guid":{"rendered":"http:\/\/www.sana.sy\/tr\/?p=62558"},"modified":"2016-02-24T12:22:42","modified_gmt":"2016-02-24T10:22:42","slug":"meclis-secimleri-13-nisanda-yapilacak","status":"publish","type":"post","link":"https:\/\/archive.sana.sy\/tr\/?p=62558","title":{"rendered":"Meclis Se\u00e7imleri 13 Nisanda Yap\u0131lacak"},"content":{"rendered":"<p>\u015eAM \u2013 Cumhurba\u015fkan\u0131 Be\u015f\u015far el Esad Halk Meclisinin ikinci yasama d\u00f6nemi i\u00e7in meclis \u00fcyelerinin se\u00e7ilmesini \u00f6ng\u00f6ren 2016\/63 say\u0131l\u0131 kanunnameyi onaylad\u0131.<\/p>\n<p>Kanunname gere\u011fince Halk Meclisi se\u00e7imleri 2014\/5 say\u0131l\u0131 genel se\u00e7imler kanununun 62. Maddesi kapsam\u0131nda 13-04-2016 tarihinde yap\u0131lacak.<\/p>\n<p>R.H.<\/p>\n","protected":false},"excerpt":{"rendered":"<p>\u015eAM \u2013 Cumhurba\u015fkan\u0131 Be\u015f\u015far el Esad Halk Meclisinin ikinci yasama d\u00f6nemi i\u00e7in meclis \u00fcyelerinin se\u00e7ilmesini \u00f6ng\u00f6ren 2016\/63 say\u0131l\u0131 kanunnameyi onaylad\u0131. Kanunname gere\u011fince Halk Meclisi se\u00e7imleri 2014\/5 say\u0131l\u0131 genel se\u00e7imler kanununun 62. Maddesi kapsam\u0131nda 13-04-2016 tarihinde yap\u0131lacak. R.H.<\/p>\n","protected":false},"author":1,"featured_media":62559,"comment_status":"closed","ping_status":"closed","sticky":false,"template":"","format":"standard","meta":{"footnotes":""},"categories":[605,612,599],"tags":[19458],"class_list":["post-62558","post","type-post","status-publish","format-standard","has-post-thumbnail","","category-sayin-cumhurbaskani","category-yasama-kararnameler","category-yasama-ve-kanunlar","tag-meclis-secimleri-13-nisanda-yapilacak"],"_links":{"self":[{"href":"https:\/\/archive.sana.sy\/tr\/index.php?rest_route=\/wp\/v2\/posts\/62558","targetHints":{"allow":["GET"]}}],"collection":[{"href":"https:\/\/archive.sana.sy\/tr\/index.php?rest_route=\/wp\/v2\/posts"}],"about":[{"href":"https:\/\/archive.sana.sy\/tr\/index.php?rest_route=\/wp\/v2\/types\/post"}],"author":[{"embeddable":true,"href":"https:\/\/archive.sana.sy\/tr\/index.php?rest_route=\/wp\/v2\/users\/1"}],"replies":[{"embeddable":true,"href":"https:\/\/archive.sana.sy\/tr\/index.php?rest_route=%2Fwp%2Fv2%2Fcomments&post=62558"}],"version-history":[{"count":0,"href":"https:\/\/archive.sana.sy\/tr\/index.php?rest_route=\/wp\/v2\/posts\/62558\/revisions"}],"wp:featuredmedia":[{"embeddable":true,"href":"https:\/\/archive.sana.sy\/tr\/index.php?rest_route=\/wp\/v2\/media\/62559"}],"wp:attachment":[{"href":"https:\/\/archive.sana.sy\/tr\/index.php?rest_route=%2Fwp%2Fv2%2Fmedia&parent=62558"}],"wp:term":[{"taxonomy":"category","embeddable":true,"href":"https:\/\/archive.sana.sy\/tr\/index.php?rest_route=%2Fwp%2Fv2%2Fcategories&post=62558"},{"taxonomy":"post_tag","embeddable":true,"href":"https:\/\/archive.sana.sy\/tr\/index.php?rest_route=%2Fwp%2Fv2%2Ftags&post=62558"}],"curies":[{"name":"wp","href":"https:\/\/api.w.org\/{rel}","templated":true}]}}