{"id":62562,"date":"2016-02-23T13:00:40","date_gmt":"2016-02-23T11:00:40","guid":{"rendered":"http:\/\/www.sana.sy\/tr\/?p=62562"},"modified":"2016-02-23T14:54:35","modified_gmt":"2016-02-23T12:54:35","slug":"sananin-deyrezzor-muhabiri-isid-tekfircilerinin-deyrezzor-kentinin-cuvra-ve-kusur-sivil-yerlesim-semtlerine-fuzelerle-gelisiguzel-saldirmalari-sonucunda-2-vatandasin-sehit-14-vatandasin-da-y","status":"publish","type":"post","link":"https:\/\/archive.sana.sy\/tr\/?p=62562","title":{"rendered":"SANA\u2019n\u0131n Deyrezzor muhabiri I\u015e\u0130D tekfircilerinin Deyrezzor Kentinin Cuvra ve Kusur sivil yerle\u015fim semtlerine f\u00fczelerle geli\u015fig\u00fczel sald\u0131rmalar\u0131 sonucunda 2 vatanda\u015f\u0131n \u015fehit, 14 vatanda\u015f\u0131n da yaral\u0131 d\u00fc\u015ft\u00fcklerini aktard\u0131"},"content":{"rendered":"<p>SANA\u2019n\u0131n Deyrezzor muhabiri I\u015e\u0130D tekfircilerinin Deyrezzor Kentinin Cuvra ve Kusur sivil yerle\u015fim semtlerine f\u00fczelerle geli\u015fig\u00fczel sald\u0131rmalar\u0131 sonucunda 2 vatanda\u015f\u0131n \u015fehit, 14 vatanda\u015f\u0131n da yaral\u0131 d\u00fc\u015ft\u00fcklerini aktard\u0131<\/p>\n","protected":false},"excerpt":{"rendered":"<p>SANA\u2019n\u0131n Deyrezzor muhabiri I\u015e\u0130D tekfircilerinin Deyrezzor Kentinin Cuvra ve Kusur sivil yerle\u015fim semtlerine f\u00fczelerle geli\u015fig\u00fczel sald\u0131rmalar\u0131 sonucunda 2 vatanda\u015f\u0131n \u015fehit, 14 vatanda\u015f\u0131n da yaral\u0131 d\u00fc\u015ft\u00fcklerini aktard\u0131<\/p>\n","protected":false},"author":1,"featured_media":58242,"comment_status":"closed","ping_status":"closed","sticky":false,"template":"","format":"standard","meta":{"footnotes":""},"categories":[17991],"tags":[],"class_list":["post-62562","post","type-post","status-publish","format-standard","has-post-thumbnail","","category-son-dakika"],"_links":{"self":[{"href":"https:\/\/archive.sana.sy\/tr\/index.php?rest_route=\/wp\/v2\/posts\/62562","targetHints":{"allow":["GET"]}}],"collection":[{"href":"https:\/\/archive.sana.sy\/tr\/index.php?rest_route=\/wp\/v2\/posts"}],"about":[{"href":"https:\/\/archive.sana.sy\/tr\/index.php?rest_route=\/wp\/v2\/types\/post"}],"author":[{"embeddable":true,"href":"https:\/\/archive.sana.sy\/tr\/index.php?rest_route=\/wp\/v2\/users\/1"}],"replies":[{"embeddable":true,"href":"https:\/\/archive.sana.sy\/tr\/index.php?rest_route=%2Fwp%2Fv2%2Fcomments&post=62562"}],"version-history":[{"count":0,"href":"https:\/\/archive.sana.sy\/tr\/index.php?rest_route=\/wp\/v2\/posts\/62562\/revisions"}],"wp:featuredmedia":[{"embeddable":true,"href":"https:\/\/archive.sana.sy\/tr\/index.php?rest_route=\/wp\/v2\/media\/58242"}],"wp:attachment":[{"href":"https:\/\/archive.sana.sy\/tr\/index.php?rest_route=%2Fwp%2Fv2%2Fmedia&parent=62562"}],"wp:term":[{"taxonomy":"category","embeddable":true,"href":"https:\/\/archive.sana.sy\/tr\/index.php?rest_route=%2Fwp%2Fv2%2Fcategories&post=62562"},{"taxonomy":"post_tag","embeddable":true,"href":"https:\/\/archive.sana.sy\/tr\/index.php?rest_route=%2Fwp%2Fv2%2Ftags&post=62562"}],"curies":[{"name":"wp","href":"https:\/\/api.w.org\/{rel}","templated":true}]}}