{"id":62567,"date":"2016-02-23T19:00:01","date_gmt":"2016-02-23T17:00:01","guid":{"rendered":"http:\/\/www.sana.sy\/tr\/?p=62567"},"modified":"2016-02-24T15:42:53","modified_gmt":"2016-02-24T13:42:53","slug":"isid-sivillere-havanlarla-saldirdi","status":"publish","type":"post","link":"https:\/\/archive.sana.sy\/tr\/?p=62567","title":{"rendered":"Erdo\u011fan Rejimine Tabi Ter\u00f6ristlerin Sald\u0131r\u0131lar\u0131nda 5 \u00c7ocuk \u015eehit Oldu"},"content":{"rendered":"<p>\u0130LLER \u2013 I\u015e\u0130D ve Erdo\u011fan rejiminin muhtelif isimler alt\u0131nda destekleyip y\u00f6nlendirdi\u011fi tekfirci ter\u00f6r \u00e7eteleri bug\u00fcn g\u00fcvenli alanlar ve savunmas\u0131z insanlara kar\u015f\u0131 geli\u015fig\u00fczel sald\u0131r\u0131lar\u0131nda aralar\u0131nda yine \u00e7ocuklar\u0131n bulundu\u011fu bir\u00e7ok vatanda\u015f\u0131n \u015fehit d\u00fc\u015fmesine yol a\u00e7t\u0131.<\/p>\n<p><span style=\"color: #0000ff\">HALEP:<\/span><\/p>\n<p>Halep Emniyet M\u00fcd\u00fcrl\u00fc\u011f\u00fcnde bir kaynak; ak\u015fam saatlerinde ter\u00f6ristlerin f\u0131rlatt\u0131\u011f\u0131 f\u00fczelerin Halep Kenti Zehra Cemiyeti yerle\u015fim semtine d\u00fc\u015fmeleri sonucunda 5 \u00e7ocu\u011fun \u015fehit, 5 vatanda\u015f\u0131n da yaral\u0131 d\u00fc\u015ft\u00fc\u011f\u00fcn\u00fc ifade etti. Kaynak; hain ve gaddar sald\u0131r\u0131da semtte \u00f6zel ve kamu m\u00fclklerde b\u00fcy\u00fck maddi hasar\u0131n olu\u015ftu\u011funa dikkat \u00e7ekti.<\/p>\n<p><span style=\"color: #0000ff\">DEYREZZOR:<\/span><\/p>\n<p>Deyrezzor valili\u011finde yetkili bir kaynak SANA\u2019ya a\u00e7\u0131klamas\u0131nda; R\u00fc\u015fdiye ve H\u00fcveyka semtlerinde siperlenen tekfirci I\u015e\u0130D \u00e7etelerinin sabah saatlerinde Cura ve Kusur semtlerinde sivil insanlar 5 havan roketiyle geli\u015fig\u00fczel sald\u0131rd\u0131klar\u0131n\u0131 belirtti. Kaynak hain sald\u0131r\u0131larda 2 vatanda\u015f\u0131n \u015fehit, 14 vatanda\u015f\u0131n da yaral\u0131 d\u00fc\u015ft\u00fcklerini aktard\u0131.<\/p>\n","protected":false},"excerpt":{"rendered":"<p>\u0130LLER \u2013 I\u015e\u0130D ve Erdo\u011fan rejiminin muhtelif isimler alt\u0131nda destekleyip y\u00f6nlendirdi\u011fi tekfirci ter\u00f6r \u00e7eteleri bug\u00fcn g\u00fcvenli alanlar ve savunmas\u0131z insanlara kar\u015f\u0131 geli\u015fig\u00fczel sald\u0131r\u0131lar\u0131nda aralar\u0131nda yine \u00e7ocuklar\u0131n bulundu\u011fu bir\u00e7ok vatanda\u015f\u0131n \u015fehit d\u00fc\u015fmesine yol a\u00e7t\u0131. HALEP: Halep Emniyet M\u00fcd\u00fcrl\u00fc\u011f\u00fcnde bir kaynak; ak\u015fam saatlerinde ter\u00f6ristlerin f\u0131rlatt\u0131\u011f\u0131 f\u00fczelerin Halep Kenti Zehra Cemiyeti yerle\u015fim semtine d\u00fc\u015fmeleri sonucunda 5 \u00e7ocu\u011fun \u015fehit, &hellip;<\/p>\n","protected":false},"author":1,"featured_media":62622,"comment_status":"closed","ping_status":"closed","sticky":false,"template":"","format":"standard","meta":{"footnotes":""},"categories":[575,17988],"tags":[],"class_list":["post-62567","post","type-post","status-publish","format-standard","has-post-thumbnail","","category-olaylar-ve-gercekler","category-son-haberler"],"_links":{"self":[{"href":"https:\/\/archive.sana.sy\/tr\/index.php?rest_route=\/wp\/v2\/posts\/62567","targetHints":{"allow":["GET"]}}],"collection":[{"href":"https:\/\/archive.sana.sy\/tr\/index.php?rest_route=\/wp\/v2\/posts"}],"about":[{"href":"https:\/\/archive.sana.sy\/tr\/index.php?rest_route=\/wp\/v2\/types\/post"}],"author":[{"embeddable":true,"href":"https:\/\/archive.sana.sy\/tr\/index.php?rest_route=\/wp\/v2\/users\/1"}],"replies":[{"embeddable":true,"href":"https:\/\/archive.sana.sy\/tr\/index.php?rest_route=%2Fwp%2Fv2%2Fcomments&post=62567"}],"version-history":[{"count":0,"href":"https:\/\/archive.sana.sy\/tr\/index.php?rest_route=\/wp\/v2\/posts\/62567\/revisions"}],"wp:featuredmedia":[{"embeddable":true,"href":"https:\/\/archive.sana.sy\/tr\/index.php?rest_route=\/wp\/v2\/media\/62622"}],"wp:attachment":[{"href":"https:\/\/archive.sana.sy\/tr\/index.php?rest_route=%2Fwp%2Fv2%2Fmedia&parent=62567"}],"wp:term":[{"taxonomy":"category","embeddable":true,"href":"https:\/\/archive.sana.sy\/tr\/index.php?rest_route=%2Fwp%2Fv2%2Fcategories&post=62567"},{"taxonomy":"post_tag","embeddable":true,"href":"https:\/\/archive.sana.sy\/tr\/index.php?rest_route=%2Fwp%2Fv2%2Ftags&post=62567"}],"curies":[{"name":"wp","href":"https:\/\/api.w.org\/{rel}","templated":true}]}}