{"id":62580,"date":"2016-02-23T12:26:17","date_gmt":"2016-02-23T10:26:17","guid":{"rendered":"http:\/\/www.sana.sy\/tr\/?p=62580"},"modified":"2016-02-23T15:27:04","modified_gmt":"2016-02-23T13:27:04","slug":"arap-yazarlar-birligi-samda-yillik-kongresini-duzenledi","status":"publish","type":"post","link":"https:\/\/archive.sana.sy\/tr\/?p=62580","title":{"rendered":"Arap Yazarlar Birli\u011fi \u015eam\u2019da y\u0131ll\u0131k kongresini d\u00fczenledi"},"content":{"rendered":"<p>Arap Yazarlar Birli\u011fi \u015eam\u2019da y\u0131ll\u0131k kongresini d\u00fczenledi<\/p>\n<p>https:\/\/www.youtube.com\/watch?v=3Z2dfUPrlg0<\/p>\n","protected":false},"excerpt":{"rendered":"<p>Arap Yazarlar Birli\u011fi \u015eam\u2019da y\u0131ll\u0131k kongresini d\u00fczenledi https:\/\/www.youtube.com\/watch?v=3Z2dfUPrlg0<\/p>\n","protected":false},"author":1,"featured_media":62581,"comment_status":"closed","ping_status":"closed","sticky":false,"template":"","format":"standard","meta":{"footnotes":""},"categories":[18295],"tags":[],"class_list":["post-62580","post","type-post","status-publish","format-standard","has-post-thumbnail","","category-sana-video"],"_links":{"self":[{"href":"https:\/\/archive.sana.sy\/tr\/index.php?rest_route=\/wp\/v2\/posts\/62580","targetHints":{"allow":["GET"]}}],"collection":[{"href":"https:\/\/archive.sana.sy\/tr\/index.php?rest_route=\/wp\/v2\/posts"}],"about":[{"href":"https:\/\/archive.sana.sy\/tr\/index.php?rest_route=\/wp\/v2\/types\/post"}],"author":[{"embeddable":true,"href":"https:\/\/archive.sana.sy\/tr\/index.php?rest_route=\/wp\/v2\/users\/1"}],"replies":[{"embeddable":true,"href":"https:\/\/archive.sana.sy\/tr\/index.php?rest_route=%2Fwp%2Fv2%2Fcomments&post=62580"}],"version-history":[{"count":0,"href":"https:\/\/archive.sana.sy\/tr\/index.php?rest_route=\/wp\/v2\/posts\/62580\/revisions"}],"wp:featuredmedia":[{"embeddable":true,"href":"https:\/\/archive.sana.sy\/tr\/index.php?rest_route=\/wp\/v2\/media\/62581"}],"wp:attachment":[{"href":"https:\/\/archive.sana.sy\/tr\/index.php?rest_route=%2Fwp%2Fv2%2Fmedia&parent=62580"}],"wp:term":[{"taxonomy":"category","embeddable":true,"href":"https:\/\/archive.sana.sy\/tr\/index.php?rest_route=%2Fwp%2Fv2%2Fcategories&post=62580"},{"taxonomy":"post_tag","embeddable":true,"href":"https:\/\/archive.sana.sy\/tr\/index.php?rest_route=%2Fwp%2Fv2%2Ftags&post=62580"}],"curies":[{"name":"wp","href":"https:\/\/api.w.org\/{rel}","templated":true}]}}