{"id":62616,"date":"2016-02-23T19:02:20","date_gmt":"2016-02-23T17:02:20","guid":{"rendered":"http:\/\/www.sana.sy\/tr\/?p=62616"},"modified":"2016-02-23T19:02:20","modified_gmt":"2016-02-23T17:02:20","slug":"aksam-saatlerinde-aciklama-yapan-askeri-kaynak-ordu-birliklerimizin-halk-savunma-gucleriyle-isbirligi-icinde-lazkiye-kirsalinin-kuzeyi-ayn-el-gazel-koyu-ve-mezale-mahallesinin-yani-sira-stratejik-one","status":"publish","type":"post","link":"https:\/\/archive.sana.sy\/tr\/?p=62616","title":{"rendered":"Ak\u015fam saatlerinde a\u00e7\u0131klama yapan askeri kaynak; ordu birliklerimizin Halk Savunma G\u00fc\u00e7leriyle i\u015fbirli\u011fi i\u00e7inde Lazkiye k\u0131rsal\u0131n\u0131n kuzeyi Ayn el Gazel K\u00f6y\u00fc ve Mezale Mahallesinin yan\u0131 s\u0131ra stratejik \u00f6neme sahip bir dizi tepede Erdo\u011fan rejimine tabi ter\u00f6ristleri a\u011f\u0131r kay\u0131plara u\u011fratmalar\u0131 ard\u0131ndan bu b\u00f6lgeleri kontrollerine ge\u00e7irdiklerini belirtti\u200f"},"content":{"rendered":"<p>Ak\u015fam saatlerinde a\u00e7\u0131klama yapan askeri kaynak; ordu birliklerimizin Halk Savunma G\u00fc\u00e7leriyle i\u015fbirli\u011fi i\u00e7inde Lazkiye k\u0131rsal\u0131n\u0131n kuzeyi Ayn el Gazel K\u00f6y\u00fc ve Mezale Mahallesinin yan\u0131 s\u0131ra stratejik \u00f6neme sahip bir dizi tepede Erdo\u011fan rejimine tabi ter\u00f6ristleri a\u011f\u0131r kay\u0131plara u\u011fratmalar\u0131 ard\u0131ndan bu b\u00f6lgeleri kontrollerine ge\u00e7irdiklerini belirtti\u200f<\/p>\n","protected":false},"excerpt":{"rendered":"<p>Ak\u015fam saatlerinde a\u00e7\u0131klama yapan askeri kaynak; ordu birliklerimizin Halk Savunma G\u00fc\u00e7leriyle i\u015fbirli\u011fi i\u00e7inde Lazkiye k\u0131rsal\u0131n\u0131n kuzeyi Ayn el Gazel K\u00f6y\u00fc ve Mezale Mahallesinin yan\u0131 s\u0131ra stratejik \u00f6neme sahip bir dizi tepede Erdo\u011fan rejimine tabi ter\u00f6ristleri a\u011f\u0131r kay\u0131plara u\u011fratmalar\u0131 ard\u0131ndan bu b\u00f6lgeleri kontrollerine ge\u00e7irdiklerini belirtti\u200f<\/p>\n","protected":false},"author":1,"featured_media":0,"comment_status":"closed","ping_status":"closed","sticky":false,"template":"","format":"standard","meta":{"footnotes":""},"categories":[17991],"tags":[],"class_list":["post-62616","post","type-post","status-publish","format-standard","","category-son-dakika"],"_links":{"self":[{"href":"https:\/\/archive.sana.sy\/tr\/index.php?rest_route=\/wp\/v2\/posts\/62616","targetHints":{"allow":["GET"]}}],"collection":[{"href":"https:\/\/archive.sana.sy\/tr\/index.php?rest_route=\/wp\/v2\/posts"}],"about":[{"href":"https:\/\/archive.sana.sy\/tr\/index.php?rest_route=\/wp\/v2\/types\/post"}],"author":[{"embeddable":true,"href":"https:\/\/archive.sana.sy\/tr\/index.php?rest_route=\/wp\/v2\/users\/1"}],"replies":[{"embeddable":true,"href":"https:\/\/archive.sana.sy\/tr\/index.php?rest_route=%2Fwp%2Fv2%2Fcomments&post=62616"}],"version-history":[{"count":0,"href":"https:\/\/archive.sana.sy\/tr\/index.php?rest_route=\/wp\/v2\/posts\/62616\/revisions"}],"wp:attachment":[{"href":"https:\/\/archive.sana.sy\/tr\/index.php?rest_route=%2Fwp%2Fv2%2Fmedia&parent=62616"}],"wp:term":[{"taxonomy":"category","embeddable":true,"href":"https:\/\/archive.sana.sy\/tr\/index.php?rest_route=%2Fwp%2Fv2%2Fcategories&post=62616"},{"taxonomy":"post_tag","embeddable":true,"href":"https:\/\/archive.sana.sy\/tr\/index.php?rest_route=%2Fwp%2Fv2%2Ftags&post=62616"}],"curies":[{"name":"wp","href":"https:\/\/api.w.org\/{rel}","templated":true}]}}