{"id":62623,"date":"2016-02-23T19:20:25","date_gmt":"2016-02-23T17:20:25","guid":{"rendered":"http:\/\/www.sana.sy\/tr\/?p=62623"},"modified":"2016-02-24T15:39:07","modified_gmt":"2016-02-24T13:39:07","slug":"rusya-denetleme-merkezi-kurdugunu-ilan-etti","status":"publish","type":"post","link":"https:\/\/archive.sana.sy\/tr\/?p=62623","title":{"rendered":"Rusya Denetleme Merkezi Kurdu\u011funu \u0130lan Etti"},"content":{"rendered":"<p>MOSKOVA \u2013 Rusya Savunma Bakanl\u0131\u011f\u0131 Suriye&#8217;de \u00e7at\u0131\u015fma eylemlerinin durduruldu\u011fu ve insani yard\u0131mlar\u0131n t\u00fcm b\u00f6lgelere ula\u015ft\u0131r\u0131lmas\u0131n\u0131 denetleyecek bir koordinasyon merkezini Lazkiye k\u0131rsal\u0131ndaki Hmeyim Hava \u00dcss\u00fcnde kurdu\u011funu ilan etti.<\/p>\n<p>Rusya Savunma Bakanl\u0131\u011f\u0131 resmi s\u00f6zc\u00fcs\u00fc T\u00fcmgeneral Igor Konashenkov Sputnik Ajans\u0131n\u0131n yay\u0131nlad\u0131\u011f\u0131 bas\u0131n a\u00e7\u0131klamalar\u0131nda merkezin Rusya ile ABD aras\u0131nda Suriye&#8217;de \u00e7at\u0131\u015fmalar\u0131n durdurulmas\u0131 anla\u015fmas\u0131 \u00e7er\u00e7evesinde te\u015fkil edildi\u011fini a\u00e7\u0131klad\u0131.<\/p>\n","protected":false},"excerpt":{"rendered":"<p>MOSKOVA \u2013 Rusya Savunma Bakanl\u0131\u011f\u0131 Suriye&#8217;de \u00e7at\u0131\u015fma eylemlerinin durduruldu\u011fu ve insani yard\u0131mlar\u0131n t\u00fcm b\u00f6lgelere ula\u015ft\u0131r\u0131lmas\u0131n\u0131 denetleyecek bir koordinasyon merkezini Lazkiye k\u0131rsal\u0131ndaki Hmeyim Hava \u00dcss\u00fcnde kurdu\u011funu ilan etti. Rusya Savunma Bakanl\u0131\u011f\u0131 resmi s\u00f6zc\u00fcs\u00fc T\u00fcmgeneral Igor Konashenkov Sputnik Ajans\u0131n\u0131n yay\u0131nlad\u0131\u011f\u0131 bas\u0131n a\u00e7\u0131klamalar\u0131nda merkezin Rusya ile ABD aras\u0131nda Suriye&#8217;de \u00e7at\u0131\u015fmalar\u0131n durdurulmas\u0131 anla\u015fmas\u0131 \u00e7er\u00e7evesinde te\u015fkil edildi\u011fini a\u00e7\u0131klad\u0131.<\/p>\n","protected":false},"author":1,"featured_media":62625,"comment_status":"closed","ping_status":"closed","sticky":false,"template":"","format":"standard","meta":{"footnotes":""},"categories":[458,459,17988],"tags":[],"class_list":["post-62623","post","type-post","status-publish","format-standard","has-post-thumbnail","","category-dunya1","category-haberler-arap-uluslararasi-politika","category-son-haberler"],"_links":{"self":[{"href":"https:\/\/archive.sana.sy\/tr\/index.php?rest_route=\/wp\/v2\/posts\/62623","targetHints":{"allow":["GET"]}}],"collection":[{"href":"https:\/\/archive.sana.sy\/tr\/index.php?rest_route=\/wp\/v2\/posts"}],"about":[{"href":"https:\/\/archive.sana.sy\/tr\/index.php?rest_route=\/wp\/v2\/types\/post"}],"author":[{"embeddable":true,"href":"https:\/\/archive.sana.sy\/tr\/index.php?rest_route=\/wp\/v2\/users\/1"}],"replies":[{"embeddable":true,"href":"https:\/\/archive.sana.sy\/tr\/index.php?rest_route=%2Fwp%2Fv2%2Fcomments&post=62623"}],"version-history":[{"count":0,"href":"https:\/\/archive.sana.sy\/tr\/index.php?rest_route=\/wp\/v2\/posts\/62623\/revisions"}],"wp:featuredmedia":[{"embeddable":true,"href":"https:\/\/archive.sana.sy\/tr\/index.php?rest_route=\/wp\/v2\/media\/62625"}],"wp:attachment":[{"href":"https:\/\/archive.sana.sy\/tr\/index.php?rest_route=%2Fwp%2Fv2%2Fmedia&parent=62623"}],"wp:term":[{"taxonomy":"category","embeddable":true,"href":"https:\/\/archive.sana.sy\/tr\/index.php?rest_route=%2Fwp%2Fv2%2Fcategories&post=62623"},{"taxonomy":"post_tag","embeddable":true,"href":"https:\/\/archive.sana.sy\/tr\/index.php?rest_route=%2Fwp%2Fv2%2Ftags&post=62623"}],"curies":[{"name":"wp","href":"https:\/\/api.w.org\/{rel}","templated":true}]}}