{"id":62626,"date":"2016-02-24T10:55:18","date_gmt":"2016-02-24T08:55:18","guid":{"rendered":"http:\/\/www.sana.sy\/tr\/?p=62626"},"modified":"2016-02-24T10:55:18","modified_gmt":"2016-02-24T08:55:18","slug":"caferi-suriye-hukumetinin-tespitlerinin-dogrulugu-kanitlandi","status":"publish","type":"post","link":"https:\/\/archive.sana.sy\/tr\/?p=62626","title":{"rendered":"Caferi: Suriye H\u00fck\u00fcmetinin Tespitlerinin Do\u011frulu\u011fu Kan\u0131tland\u0131"},"content":{"rendered":"<p>NEW YORK \u2013 Suriye\u2019nin BM Temsilcisi Be\u015f\u015far el Caferi, Suriye H\u00fck\u00fcmetinin, Uluslararas\u0131 Ba\u011f\u0131ms\u0131z Soru\u015fturma Komisyonunu tan\u0131mad\u0131\u011f\u0131n\u0131 ve bu komisyonun \u00fcyeleriyle g\u00f6r\u00fc\u015fmeyi kabul etmeyece\u011fini dile getirdi.<br \/>\nBM\u2019nin, Suriye ile ilgili Uluslararas\u0131 Ba\u011f\u0131ms\u0131z Soru\u015fturma Heyeti \u00fcyelerinin bilgilendirmelerini dinlemek amac\u0131yla d\u00fczenledi\u011fi gayr\u0131 resmi oturumda bir konu\u015fma yapan Caferi; Suriye h\u00fck\u00fcmetinin s\u00f6z konusu komisyon \u00fcyeleriyle g\u00f6r\u00fc\u015fmenin bir sonu\u00e7 sa\u011flamayaca\u011f\u0131 y\u00f6n\u00fcndeki tespitinin do\u011frulu\u011funun kan\u0131tlanm\u0131\u015f oldu\u011funa dikkat \u00e7ekti.<\/p>\n<p><span style=\"color: #0000ff\">Komisyonun Sundu\u011fu B\u00fct\u00fcn Bilgilendirme ve Raporlar \u00c7arp\u0131t\u0131lm\u0131\u015ft\u0131r<\/span><\/p>\n<p>Komisyonunun BM, G\u00fcvenlik Konseyi ve \u0130nsan Haklar\u0131 Konseyine sundu\u011fu bilgilendirmelerve raporlarda iki temel dayana\u011f\u0131n se\u00e7icilik ve siyasile\u015ftirme oldu\u011funa i\u015faret eden Caferi, BM Genel Kurulunun toplant\u0131da dinledi\u011fi hikayelerin \u00e7arp\u0131t\u0131lm\u0131\u015f oldu\u011funu ve Suriye s\u0131n\u0131rlar\u0131 d\u0131\u015f\u0131nda ya\u015fayan ki\u015filer olan g\u00f6rg\u00fc tan\u0131klar\u0131n\u0131n anlat\u0131mlar\u0131n\u0131n do\u011frular\u0131 yans\u0131tmad\u0131\u011f\u0131n\u0131n alt\u0131n\u0131 \u00e7izdi.<\/p>\n<p>Caferi; ayr\u0131ca komisyonun sundu\u011fu raporlar\u0131n, hi\u00e7bir h\u00fck\u00fcmete ba\u011fl\u0131 olmayan, kendilerine b\u00fcy\u00fck bir gururla \u201cS\u0131n\u0131r Tan\u0131mayan\u201d ad\u0131n\u0131 koyan, b\u00fct\u00fcn devletlerin egemenli\u011fini \u00e7i\u011fneyerek topraklar\u0131nda yasad\u0131\u015f\u0131 faaliyetlerde bulunanve Bat\u0131l\u0131 \u00fclkelerin istihbarat birimleriyle \u00e7al\u0131\u015fan \u00f6rg\u00fctler taraf\u0131ndan uydurma bir \u015fekilde haz\u0131rlanm\u0131\u015f oldu\u011funu vurgulad\u0131.<\/p>\n<p><span style=\"color: #0000ff\">Komisyon Ter\u00f6r Ma\u011fdurlar\u0131n\u0131n G\u00f6rg\u00fc Tan\u0131kl\u0131\u011f\u0131n\u0131 G\u00f6rmezden Geliyor<\/span><\/p>\n<p>Komisyonun, silahl\u0131 ter\u00f6r gruplar\u0131 taraf\u0131ndan d\u00fczenlenen sald\u0131r\u0131larda ma\u011fdur olan binlerce vatanda\u015f\u0131n g\u00f6rg\u00fc tan\u0131kl\u0131\u011f\u0131n\u0131 ve Suriye h\u00fck\u00fcmetinin, krizin ba\u015flad\u0131\u011f\u0131 ilk g\u00fcnden ba\u015flayarak haz\u0131rlad\u0131\u011f\u0131 somut kan\u0131t ve belgelerle desteklenen bilgileri g\u00f6rmezden geldi\u011fini dile getiren Caferi; Suriye h\u00fck\u00fcmetinin 2011 y\u0131l\u0131nda krizin ba\u015flad\u0131\u011f\u0131 ilk g\u00fcnlerden bu yana BM\u2019ye ve ba\u011fl\u0131 b\u00fct\u00fcn \u00f6rg\u00fctlere sundu\u011fu 600 resmi mektup bulundu\u011funu hat\u0131rlatt\u0131.<\/p>\n<p>Caferi; komisyonun bu tutumlar\u0131n\u0131n, \u0130nsan Haklar\u0131 Davas\u0131n\u0131 geli\u015ftirmeye hizmet etmeyece\u011fini, tam tersine \u0130nsan Haklar\u0131 gibi y\u00fcce bir davay\u0131 Suriye\u2019yi hedef almak amac\u0131yla siyasile\u015ftirmek anlam\u0131na geldi\u011finin alt\u0131n\u0131 \u00e7izdi.<\/p>\n<p><span style=\"color: #0000ff\">Komisyon Suriye\u2019yi Hedef Alan Projelere Hizmet Ediyor<\/span><\/p>\n<p>Kimi Arap rejimleri, b\u00f6lgesel rejimler ve uluslararas\u0131 g\u00fc\u00e7lerin silahl\u0131 ter\u00f6r \u00f6rg\u00fctleri arac\u0131l\u0131\u011f\u0131yla Suriye devletini, halk\u0131n\u0131, alt yap\u0131s\u0131n\u0131, ekonomisini, insan\u0131n\u0131 ve hatta ta\u015flar\u0131n\u0131 bitkilerini hedef ald\u0131klar\u0131 sava\u015f\u0131n ba\u015flamas\u0131n\u0131n \u00fczerinden be\u015f y\u0131l ge\u00e7mesine ra\u011fmen BM\u2019ye ba\u011fl\u0131 kimi kurumlar\u0131n Suriye Arap Cumhuriyetini hedef alan projelere hizmet etmeyi s\u00fcrd\u00fcrd\u00fc\u011f\u00fcne dikkat \u00e7eken Caferi; Suriye ile ilgili Ba\u011f\u0131ms\u0131z Soru\u015fturma Komisyonunun bu kurumlardan biri olmas\u0131n\u0131n \u00fcz\u00fcnt\u00fc verici oldu\u011funu ifade etti.<\/p>\n<p>Suriye\u2019deki sava\u015f\u0131n\u0131 sadece Suriye\u2019nin sava\u015f\u0131 olmad\u0131\u011f\u0131n\u0131 vurguyla hat\u0131rlatan Caferi; bu sava\u015f\u0131n uluslararas\u0131 ter\u00f6re kar\u015f\u0131 bir sava\u015f oldu\u011funu ve ter\u00f6r\u00fcn destek\u00e7ilerini vurmaya ba\u015flad\u0131\u011f\u0131n\u0131 dile getirdi.<\/p>\n<p>Caferi; \u0130nsan Haklar\u0131na \u00e7ok \u00f6nem verdi\u011fini iddia eden komisyonun, y\u0131llard\u0131r Suriye\u2019de ter\u00f6r\u00fc destekleyen b\u00f6lge \u00fclkelerine ve \u00f6zellikle de Katar, Suudi Arabistan ve T\u00fcrkiye\u2019ye y\u00f6nelik hi\u00e7bir ithamda bulunmad\u0131\u011f\u0131n\u0131, y\u0131llard\u0131r Suriye\u2019ye kar\u015f\u0131 uygulanan tek tarafl\u0131 yapt\u0131r\u0131mlar\u0131n insanlar \u00fczerindeki etkisine neden hi\u00e7 de\u011finmedi\u011fini sorgulamak gerekti\u011fini belirtti.<\/p>\n<p>F.B. &#8211; R.H.<\/p>\n","protected":false},"excerpt":{"rendered":"<p>NEW YORK \u2013 Suriye\u2019nin BM Temsilcisi Be\u015f\u015far el Caferi, Suriye H\u00fck\u00fcmetinin, Uluslararas\u0131 Ba\u011f\u0131ms\u0131z Soru\u015fturma Komisyonunu tan\u0131mad\u0131\u011f\u0131n\u0131 ve bu komisyonun \u00fcyeleriyle g\u00f6r\u00fc\u015fmeyi kabul etmeyece\u011fini dile getirdi. BM\u2019nin, Suriye ile ilgili Uluslararas\u0131 Ba\u011f\u0131ms\u0131z Soru\u015fturma Heyeti \u00fcyelerinin bilgilendirmelerini dinlemek amac\u0131yla d\u00fczenledi\u011fi gayr\u0131 resmi oturumda bir konu\u015fma yapan Caferi; Suriye h\u00fck\u00fcmetinin s\u00f6z konusu komisyon \u00fcyeleriyle g\u00f6r\u00fc\u015fmenin bir sonu\u00e7 sa\u011flamayaca\u011f\u0131 &hellip;<\/p>\n","protected":false},"author":1,"featured_media":62628,"comment_status":"closed","ping_status":"closed","sticky":false,"template":"","format":"standard","meta":{"footnotes":""},"categories":[458,459,17988],"tags":[19467,19466],"class_list":["post-62626","post","type-post","status-publish","format-standard","has-post-thumbnail","","category-dunya1","category-haberler-arap-uluslararasi-politika","category-son-haberler","tag-caferi-suriye-hukumetinin-tespitlerinin-dogrulugu-kanitlandi","tag-suriyenin-bm-temsilcisi-bessar-el-caferi"],"_links":{"self":[{"href":"https:\/\/archive.sana.sy\/tr\/index.php?rest_route=\/wp\/v2\/posts\/62626","targetHints":{"allow":["GET"]}}],"collection":[{"href":"https:\/\/archive.sana.sy\/tr\/index.php?rest_route=\/wp\/v2\/posts"}],"about":[{"href":"https:\/\/archive.sana.sy\/tr\/index.php?rest_route=\/wp\/v2\/types\/post"}],"author":[{"embeddable":true,"href":"https:\/\/archive.sana.sy\/tr\/index.php?rest_route=\/wp\/v2\/users\/1"}],"replies":[{"embeddable":true,"href":"https:\/\/archive.sana.sy\/tr\/index.php?rest_route=%2Fwp%2Fv2%2Fcomments&post=62626"}],"version-history":[{"count":0,"href":"https:\/\/archive.sana.sy\/tr\/index.php?rest_route=\/wp\/v2\/posts\/62626\/revisions"}],"wp:featuredmedia":[{"embeddable":true,"href":"https:\/\/archive.sana.sy\/tr\/index.php?rest_route=\/wp\/v2\/media\/62628"}],"wp:attachment":[{"href":"https:\/\/archive.sana.sy\/tr\/index.php?rest_route=%2Fwp%2Fv2%2Fmedia&parent=62626"}],"wp:term":[{"taxonomy":"category","embeddable":true,"href":"https:\/\/archive.sana.sy\/tr\/index.php?rest_route=%2Fwp%2Fv2%2Fcategories&post=62626"},{"taxonomy":"post_tag","embeddable":true,"href":"https:\/\/archive.sana.sy\/tr\/index.php?rest_route=%2Fwp%2Fv2%2Ftags&post=62626"}],"curies":[{"name":"wp","href":"https:\/\/api.w.org\/{rel}","templated":true}]}}