{"id":6263,"date":"2014-07-31T23:00:05","date_gmt":"2014-07-31T20:00:05","guid":{"rendered":"http:\/\/www.sana.sy\/tr\/?p=6263"},"modified":"2014-07-31T23:00:05","modified_gmt":"2014-07-31T20:00:05","slug":"libyadaki-kamplara-terorist-gonderen-bir-hucre-ortaya-cikartildi","status":"publish","type":"post","link":"https:\/\/archive.sana.sy\/tr\/?p=6263","title":{"rendered":"Libya\u2019daki Kamplara Ter\u00f6rist G\u00f6nderen Bir H\u00fccre Ortaya \u00c7\u0131kart\u0131ld\u0131"},"content":{"rendered":"<p>TUNUS \u2013 Tunus \u0130\u00e7i\u015fleri Bakanl\u0131\u011f\u0131 ba\u015fkentteki ter\u00f6r su\u00e7lar\u0131n\u0131 ara\u015ft\u0131rma biriminin Mehdiye Eyaletindeki ulusal koruma g\u00fc\u00e7leriyle koordinasyon i\u00e7inde d\u00fczenledi\u011fi operasyonda Tunuslu gen\u00e7leri \u00f6rg\u00fctleme ve eylem e\u011fitimi almalar\u0131 i\u00e7in Libya\u2019ya g\u00f6nderme \u00e7al\u0131\u015fmalar\u0131nda bulunan bir ter\u00f6r h\u00fccresini yakalad\u0131\u011f\u0131n\u0131 ilan etti.<\/p>\n<p>Tunus \u0130\u00e7i\u015fleri Bakanl\u0131\u011f\u0131 bug\u00fcn yay\u0131nlad\u0131\u011f\u0131 beyanda ortaya \u00e7\u0131kart\u0131lan ter\u00f6r h\u00fccresinden 5 ter\u00f6ristin tutukland\u0131\u011f\u0131n\u0131 ifade etti.<\/p>\n<p>Hat\u0131rlanaca\u011f\u0131 \u00fczere Tunus\u2019ta ter\u00f6rle m\u00fccadele birlikleri son s\u00fcre\u00e7te Tunuslu ve T\u00fcrkiyeli gen\u00e7lerden olu\u015fan ve Suriye\u2019ye g\u00f6ndermek \u00fczere ter\u00f6rist \u00f6rg\u00fctleyen ve e\u011fitim veren bir ter\u00f6r h\u00fccresini \u00e7\u00f6kertmi\u015fti.<\/p>\n<p>Bununla birlikte Tunus \u0130\u00e7i\u015fleri Bakan\u0131 Lutfi Bin Ciddo ge\u00e7ti\u011fimiz ay\u0131n 24\u2019\u00fcnde yapt\u0131\u011f\u0131 a\u00e7\u0131klamada, Suriye&#8217;de bulunan silahl\u0131 ter\u00f6r gruplar\u0131na kat\u0131lan Tunuslular\u0131n say\u0131s\u0131n\u0131n 2400\u2019\u00fc buldu\u011funu ifade etmi\u015fti.<\/p>\n<p>Suriye&#8217;de vah\u015fetlerinde s\u0131n\u0131r tan\u0131mayan tekfirciler aras\u0131nda binlerce Tunuslunun oldu\u011fu ve bunlar\u0131n b\u00fcy\u00fck bir k\u0131sm\u0131n\u0131n Libya yada ba\u015fka yerde ald\u0131\u011f\u0131 e\u011fitim ard\u0131ndan T\u00fcrkiye topraklar\u0131 \u00fczerinden Suriye&#8217;ye ge\u00e7tikleri herkes taraf\u0131ndan bilinen bir durumdur.<\/p>\n","protected":false},"excerpt":{"rendered":"<p>TUNUS \u2013 Tunus \u0130\u00e7i\u015fleri Bakanl\u0131\u011f\u0131 ba\u015fkentteki ter\u00f6r su\u00e7lar\u0131n\u0131 ara\u015ft\u0131rma biriminin Mehdiye Eyaletindeki ulusal koruma g\u00fc\u00e7leriyle koordinasyon i\u00e7inde d\u00fczenledi\u011fi operasyonda Tunuslu gen\u00e7leri \u00f6rg\u00fctleme ve eylem e\u011fitimi almalar\u0131 i\u00e7in Libya\u2019ya g\u00f6nderme \u00e7al\u0131\u015fmalar\u0131nda bulunan bir ter\u00f6r h\u00fccresini yakalad\u0131\u011f\u0131n\u0131 ilan etti. Tunus \u0130\u00e7i\u015fleri Bakanl\u0131\u011f\u0131 bug\u00fcn yay\u0131nlad\u0131\u011f\u0131 beyanda ortaya \u00e7\u0131kart\u0131lan ter\u00f6r h\u00fccresinden 5 ter\u00f6ristin tutukland\u0131\u011f\u0131n\u0131 ifade etti. Hat\u0131rlanaca\u011f\u0131 \u00fczere Tunus\u2019ta &hellip;<\/p>\n","protected":false},"author":1,"featured_media":6264,"comment_status":"closed","ping_status":"closed","sticky":false,"template":"","format":"standard","meta":{"footnotes":""},"categories":[458,459,447],"tags":[1385],"class_list":["post-6263","post","type-post","status-publish","format-standard","has-post-thumbnail","","category-dunya1","category-haberler-arap-uluslararasi-politika","category-politika","tag-libyadaki-kamplara-terorist-gonderen-bir-hucre-ortaya-cikartildi"],"_links":{"self":[{"href":"https:\/\/archive.sana.sy\/tr\/index.php?rest_route=\/wp\/v2\/posts\/6263","targetHints":{"allow":["GET"]}}],"collection":[{"href":"https:\/\/archive.sana.sy\/tr\/index.php?rest_route=\/wp\/v2\/posts"}],"about":[{"href":"https:\/\/archive.sana.sy\/tr\/index.php?rest_route=\/wp\/v2\/types\/post"}],"author":[{"embeddable":true,"href":"https:\/\/archive.sana.sy\/tr\/index.php?rest_route=\/wp\/v2\/users\/1"}],"replies":[{"embeddable":true,"href":"https:\/\/archive.sana.sy\/tr\/index.php?rest_route=%2Fwp%2Fv2%2Fcomments&post=6263"}],"version-history":[{"count":0,"href":"https:\/\/archive.sana.sy\/tr\/index.php?rest_route=\/wp\/v2\/posts\/6263\/revisions"}],"wp:featuredmedia":[{"embeddable":true,"href":"https:\/\/archive.sana.sy\/tr\/index.php?rest_route=\/wp\/v2\/media\/6264"}],"wp:attachment":[{"href":"https:\/\/archive.sana.sy\/tr\/index.php?rest_route=%2Fwp%2Fv2%2Fmedia&parent=6263"}],"wp:term":[{"taxonomy":"category","embeddable":true,"href":"https:\/\/archive.sana.sy\/tr\/index.php?rest_route=%2Fwp%2Fv2%2Fcategories&post=6263"},{"taxonomy":"post_tag","embeddable":true,"href":"https:\/\/archive.sana.sy\/tr\/index.php?rest_route=%2Fwp%2Fv2%2Ftags&post=6263"}],"curies":[{"name":"wp","href":"https:\/\/api.w.org\/{rel}","templated":true}]}}