{"id":62656,"date":"2016-02-24T11:40:19","date_gmt":"2016-02-24T09:40:19","guid":{"rendered":"http:\/\/www.sana.sy\/tr\/?p=62656"},"modified":"2016-02-24T13:08:06","modified_gmt":"2016-02-24T11:08:06","slug":"telefon-gorusmesinde-el-esad-catisma-eylemlerinin-durdurulmasi-anlasmasinin-hayata-gecirilmesinde-suriye-hukumetinin-katkida-bulunmaya-hazir-oldugunu-ifade-etti","status":"publish","type":"post","link":"https:\/\/archive.sana.sy\/tr\/?p=62656","title":{"rendered":"Telefon g\u00f6r\u00fc\u015fmesinde el Esad; \u00e7at\u0131\u015fma eylemlerinin durdurulmas\u0131 anla\u015fmas\u0131n\u0131n hayata ge\u00e7irilmesinde Suriye h\u00fck\u00fcmetinin katk\u0131da bulunmaya haz\u0131r oldu\u011funu ifade etti"},"content":{"rendered":"<p>Telefon g\u00f6r\u00fc\u015fmesinde el Esad; \u00e7at\u0131\u015fma eylemlerinin durdurulmas\u0131 anla\u015fmas\u0131n\u0131n hayata ge\u00e7irilmesinde Suriye h\u00fck\u00fcmetinin katk\u0131da bulunmaya haz\u0131r oldu\u011funu ifade etti<\/p>\n","protected":false},"excerpt":{"rendered":"<p>Telefon g\u00f6r\u00fc\u015fmesinde el Esad; \u00e7at\u0131\u015fma eylemlerinin durdurulmas\u0131 anla\u015fmas\u0131n\u0131n hayata ge\u00e7irilmesinde Suriye h\u00fck\u00fcmetinin katk\u0131da bulunmaya haz\u0131r oldu\u011funu ifade etti<\/p>\n","protected":false},"author":1,"featured_media":0,"comment_status":"closed","ping_status":"closed","sticky":false,"template":"","format":"standard","meta":{"footnotes":""},"categories":[17991],"tags":[],"class_list":["post-62656","post","type-post","status-publish","format-standard","","category-son-dakika"],"_links":{"self":[{"href":"https:\/\/archive.sana.sy\/tr\/index.php?rest_route=\/wp\/v2\/posts\/62656","targetHints":{"allow":["GET"]}}],"collection":[{"href":"https:\/\/archive.sana.sy\/tr\/index.php?rest_route=\/wp\/v2\/posts"}],"about":[{"href":"https:\/\/archive.sana.sy\/tr\/index.php?rest_route=\/wp\/v2\/types\/post"}],"author":[{"embeddable":true,"href":"https:\/\/archive.sana.sy\/tr\/index.php?rest_route=\/wp\/v2\/users\/1"}],"replies":[{"embeddable":true,"href":"https:\/\/archive.sana.sy\/tr\/index.php?rest_route=%2Fwp%2Fv2%2Fcomments&post=62656"}],"version-history":[{"count":0,"href":"https:\/\/archive.sana.sy\/tr\/index.php?rest_route=\/wp\/v2\/posts\/62656\/revisions"}],"wp:attachment":[{"href":"https:\/\/archive.sana.sy\/tr\/index.php?rest_route=%2Fwp%2Fv2%2Fmedia&parent=62656"}],"wp:term":[{"taxonomy":"category","embeddable":true,"href":"https:\/\/archive.sana.sy\/tr\/index.php?rest_route=%2Fwp%2Fv2%2Fcategories&post=62656"},{"taxonomy":"post_tag","embeddable":true,"href":"https:\/\/archive.sana.sy\/tr\/index.php?rest_route=%2Fwp%2Fv2%2Ftags&post=62656"}],"curies":[{"name":"wp","href":"https:\/\/api.w.org\/{rel}","templated":true}]}}