{"id":6266,"date":"2014-08-01T19:22:58","date_gmt":"2014-08-01T16:22:58","guid":{"rendered":"http:\/\/www.sana.sy\/tr\/?p=6266"},"modified":"2014-08-07T16:41:14","modified_gmt":"2014-08-07T13:41:14","slug":"terore-karsi-savasimiz-kader-belirleme-ve-var-olma-savasidir","status":"publish","type":"post","link":"https:\/\/archive.sana.sy\/tr\/?p=6266","title":{"rendered":"Ter\u00f6re Kar\u015f\u0131 Sava\u015f\u0131m\u0131z; Kader Belirleme ve Var Olma Sava\u015f\u0131d\u0131r"},"content":{"rendered":"<p>\u015eAM \u2013 Ordu ve Silahl\u0131 Kuvvetler Genel Komutan\u0131 Orgeneral Be\u015f\u015far el Esad; ordu ve silahl\u0131 kuvvetlerimizin 69. kurulu\u015f y\u0131ld\u00f6n\u00fcm\u00fc m\u00fcnasebetiyle Ordu Dergisi arac\u0131l\u0131\u011f\u0131 ile kahraman silahl\u0131 kuvvetlerimize seslendi.<\/p>\n<p>El Esad ordu ve silahl\u0131 kuvvetlerimizde bulunan t\u00fcm subay ve askerleri takdir ve onurla selamlarken; vatan\u0131n korunmas\u0131nda bulunduklar\u0131 fedakarl\u0131klar, sergiledikleri ulusal duyarl\u0131l\u0131k ve vefakarl\u0131\u011f\u0131n takdire \u015fayan oldu\u011funu ifade etti.<\/p>\n<p>Suriye ordusunun 69 y\u0131l \u00f6nce kuruldu\u011fu ilk andan beri milletin g\u00fc\u00e7l\u00fc kalesi, onur ve \u015fan ekolu oldu\u011funu belirtti\u011fine dikkat \u00e7eken el Esad; Suriye ordusunun tarihi boyunca t\u00fcm sald\u0131rganlara, i\u015fgalcilere ve s\u00f6m\u00fcr\u00fcc\u00fclere kar\u015f\u0131 milletin haklar\u0131n\u0131, onur ve \u00e7\u0131karlar\u0131n\u0131 savundu\u011funa vurgu yapt\u0131.<\/p>\n<p>El Esad kahraman Suriye ordusunun g\u00fcn\u00fcm\u00fczde de Suriye evlatlar\u0131 ve onurlu t\u00fcm Araplar\u0131n kendilerine verdikleri emaneti d\u00fcr\u00fcstl\u00fck ve sorumlulukla ta\u015f\u0131ma ehli oldu\u011funu kan\u0131tlad\u0131\u011f\u0131n\u0131, g\u00fcvenlik ve istikrar\u0131 koruman\u0131n yan\u0131 s\u0131ra g\u00fcn\u00fcm\u00fcz ve gelece\u011fin garant\u00f6r\u00fc oldu\u011funu, toprak ve \u015ferefi savunma, hakk\u0131 m\u00fcdafaa etme ve sanca\u011f\u0131n\u0131 y\u00fckseltme kararl\u0131l\u0131\u011f\u0131nda oldu\u011funu g\u00f6sterdi\u011fini belirtti.<\/p>\n<p>Orgeneral el Esad Suriye ordusunun g\u00fcn\u00fcm\u00fczde s\u0131n\u0131r \u00f6tesinden gelen \u00e7okuluslu ter\u00f6re kar\u015f\u0131 vatan ve evlatlar\u0131n\u0131 savunmada g\u00fcn\u00fcbirlik \u015fanl\u0131 destanlar yazd\u0131\u011f\u0131na dikkat \u00e7ekerken; bulundu\u011fu fedakarl\u0131klar ve yazd\u0131\u011f\u0131 \u015fanl\u0131 destanlarla ter\u00f6r ve destek\u00e7ilerinin hayal ve umutlar\u0131n\u0131 ba\u015flar\u0131na y\u0131kt\u0131klar\u0131n\u0131 belirtti. Suriye askerlerinin vatan\u0131n g\u00fcvenli karaya ula\u015fmas\u0131 i\u00e7in cesetleriyle k\u00f6pr\u00fc olu\u015fturduklar\u0131n\u0131 belirten el Esad; ulusal onur, egemenlik, ba\u011f\u0131ms\u0131zl\u0131k sava\u015f\u0131nda \u015fanl\u0131 destanlar resmettiklerini ifade etti.<\/p>\n<p>Ordu ve Silahl\u0131 Kuvvetler Genel Komutan\u0131 Orgeneral el Esad; Suriye ordusunun \u00e7okuluslu ter\u00f6re kar\u015f\u0131 sava\u015f\u0131nda d\u00fcnya ordular\u0131na bir model te\u015fkil etti\u011fini, sa\u011flad\u0131klar\u0131 zaferler, sergiledikleri duyarl\u0131l\u0131k ve bulunduklar\u0131 fedakarl\u0131klar\u0131n \u015fanl\u0131 tarih sayfalar\u0131nda unutulmaz alt\u0131n harflerle yaz\u0131laca\u011f\u0131n\u0131 belirtti.<\/p>\n<p>El Esad Suriye ordusunun vatan egemenli\u011fi ve ba\u011f\u0131ms\u0131zl\u0131\u011f\u0131n\u0131n yan\u0131nda vatanda\u015flar\u0131n g\u00fcvenli\u011fini savunurken kendi azimleri ve iradelerine s\u0131ms\u0131k\u0131 tutunup dayatma ve meydan okumalara kar\u015f\u0131 koyduklar\u0131n\u0131, Suriye ve halk\u0131n\u0131n gelece\u011fini onurla yap\u0131land\u0131rd\u0131klar\u0131n\u0131 ifade etti.<\/p>\n<p>Bu m\u00fcnasebetle Suriye halk\u0131n\u0131 takdir ve sevgiyle selamlayan el Esad; Suriye halk\u0131n\u0131n ter\u00f6r ve d\u0131\u015f dayatmalara kar\u015f\u0131 ordusunun etraf\u0131nda kenetlenip ter\u00f6re kar\u015f\u0131 sava\u015fta ayn\u0131 saflar\u0131 payla\u015ft\u0131\u011f\u0131na dikkat \u00e7ekti.<\/p>\n<p>Ordu ve silahl\u0131 kuvvetlerimize seslenirken el Esad; ter\u00f6re kar\u015f\u0131 sava\u015f\u0131n var olma ve kader belirleme sava\u015f\u0131 oldu\u011funun alt\u0131n\u0131 \u00e7izerek bu sava\u015fta tolerans, dikkatsizlik, m\u00fctareke yada ate\u015fkese yer olmad\u0131\u011f\u0131n\u0131n alt\u0131n\u0131 \u00e7izdi.<\/p>\n<p>El Esad Suriye&#8217;nin devlet, halk ve ordu olarak Suriye ve t\u00fcm b\u00f6lgeyi hedef alan s\u00f6m\u00fcr\u00fcc\u00fc ter\u00f6rist fitne ve b\u00f6l\u00fcc\u00fc planlara kar\u015f\u0131 koymaya her zamandan daha \u00e7ok kararl\u0131 oldu\u011funu vurgularken bu planlar\u0131n birinci dereceden d\u00fc\u015fman Siyonist \u0130srail&#8217;in \u00e7\u0131karlar\u0131na hizmet etti\u011fini belirtti.<\/p>\n<p>Suriye ve halk\u0131n\u0131n davalar\u0131 ve haklar\u0131ndan \u00f6d\u00fcn vermemesi ve bu konuda pazarl\u0131k yapmamas\u0131n\u0131n s\u00f6z konusu olmamas\u0131yla ilke ve de\u011ferlerinden sapmayaca\u011f\u0131n\u0131n alt\u0131n\u0131 \u00e7izen el Esad; meydan okuma ve dayatmalar ne kadar b\u00fcy\u00fcrse b\u00fcy\u00fcs\u00fcn hakk\u0131 talep etme ve vatan\u0131 savunmadan cayman\u0131n kesinlikle m\u00fcmk\u00fcn olmad\u0131\u011f\u0131n\u0131 vurgulad\u0131.<\/p>\n<p>Konu\u015fmas\u0131n\u0131n bitiminde Orgeneral el Esad ordu ve silahl\u0131 kuvvetlerimizi bir kez daha selamlarken; \u015fehitleri, \u015fehit annelerini, yaral\u0131 askerleri ve cephede sava\u015fan askerleri ayr\u0131 ayr\u0131 sayg\u0131 ve onurla selamlad\u0131.<\/p>\n","protected":false},"excerpt":{"rendered":"<p>\u015eAM \u2013 Ordu ve Silahl\u0131 Kuvvetler Genel Komutan\u0131 Orgeneral Be\u015f\u015far el Esad; ordu ve silahl\u0131 kuvvetlerimizin 69. kurulu\u015f y\u0131ld\u00f6n\u00fcm\u00fc m\u00fcnasebetiyle Ordu Dergisi arac\u0131l\u0131\u011f\u0131 ile kahraman silahl\u0131 kuvvetlerimize seslendi. El Esad ordu ve silahl\u0131 kuvvetlerimizde bulunan t\u00fcm subay ve askerleri takdir ve onurla selamlarken; vatan\u0131n korunmas\u0131nda bulunduklar\u0131 fedakarl\u0131klar, sergiledikleri ulusal duyarl\u0131l\u0131k ve vefakarl\u0131\u011f\u0131n takdire \u015fayan oldu\u011funu &hellip;<\/p>\n","protected":false},"author":1,"featured_media":6267,"comment_status":"closed","ping_status":"closed","sticky":false,"template":"","format":"standard","meta":{"footnotes":""},"categories":[609,447,605],"tags":[1386],"class_list":["post-6266","post","type-post","status-publish","format-standard","has-post-thumbnail","","category-konusmalar","category-politika","category-sayin-cumhurbaskani","tag-terore-karsi-savasimiz-kader-belirleme-ve-var-olma-savasidir"],"_links":{"self":[{"href":"https:\/\/archive.sana.sy\/tr\/index.php?rest_route=\/wp\/v2\/posts\/6266","targetHints":{"allow":["GET"]}}],"collection":[{"href":"https:\/\/archive.sana.sy\/tr\/index.php?rest_route=\/wp\/v2\/posts"}],"about":[{"href":"https:\/\/archive.sana.sy\/tr\/index.php?rest_route=\/wp\/v2\/types\/post"}],"author":[{"embeddable":true,"href":"https:\/\/archive.sana.sy\/tr\/index.php?rest_route=\/wp\/v2\/users\/1"}],"replies":[{"embeddable":true,"href":"https:\/\/archive.sana.sy\/tr\/index.php?rest_route=%2Fwp%2Fv2%2Fcomments&post=6266"}],"version-history":[{"count":0,"href":"https:\/\/archive.sana.sy\/tr\/index.php?rest_route=\/wp\/v2\/posts\/6266\/revisions"}],"wp:featuredmedia":[{"embeddable":true,"href":"https:\/\/archive.sana.sy\/tr\/index.php?rest_route=\/wp\/v2\/media\/6267"}],"wp:attachment":[{"href":"https:\/\/archive.sana.sy\/tr\/index.php?rest_route=%2Fwp%2Fv2%2Fmedia&parent=6266"}],"wp:term":[{"taxonomy":"category","embeddable":true,"href":"https:\/\/archive.sana.sy\/tr\/index.php?rest_route=%2Fwp%2Fv2%2Fcategories&post=6266"},{"taxonomy":"post_tag","embeddable":true,"href":"https:\/\/archive.sana.sy\/tr\/index.php?rest_route=%2Fwp%2Fv2%2Ftags&post=6266"}],"curies":[{"name":"wp","href":"https:\/\/api.w.org\/{rel}","templated":true}]}}