{"id":62660,"date":"2016-02-24T11:50:47","date_gmt":"2016-02-24T09:50:47","guid":{"rendered":"http:\/\/www.sana.sy\/tr\/?p=62660"},"modified":"2016-02-24T13:08:58","modified_gmt":"2016-02-24T11:08:58","slug":"el-esad-ve-putin-isid-nusra-cephesi-ve-daha-baska-teror-orgutlere-karsi-mucadelenin-devam-etmesi-gereginin-altini-cizdi","status":"publish","type":"post","link":"https:\/\/archive.sana.sy\/tr\/?p=62660","title":{"rendered":"El Esad ve Putin I\u015e\u0130D, Nusra Cephesi ve daha ba\u015fka ter\u00f6r \u00f6rg\u00fctlere kar\u015f\u0131 m\u00fccadelenin devam etmesi gere\u011finin alt\u0131n\u0131 \u00e7izdi"},"content":{"rendered":"<p>El Esad ve Putin I\u015e\u0130D, Nusra Cephesi ve daha ba\u015fka ter\u00f6r \u00f6rg\u00fctlere kar\u015f\u0131 m\u00fccadelenin devam etmesi gere\u011finin alt\u0131n\u0131 \u00e7izdi<\/p>\n","protected":false},"excerpt":{"rendered":"<p>El Esad ve Putin I\u015e\u0130D, Nusra Cephesi ve daha ba\u015fka ter\u00f6r \u00f6rg\u00fctlere kar\u015f\u0131 m\u00fccadelenin devam etmesi gere\u011finin alt\u0131n\u0131 \u00e7izdi<\/p>\n","protected":false},"author":1,"featured_media":0,"comment_status":"closed","ping_status":"closed","sticky":false,"template":"","format":"standard","meta":{"footnotes":""},"categories":[17991],"tags":[],"class_list":["post-62660","post","type-post","status-publish","format-standard","","category-son-dakika"],"_links":{"self":[{"href":"https:\/\/archive.sana.sy\/tr\/index.php?rest_route=\/wp\/v2\/posts\/62660","targetHints":{"allow":["GET"]}}],"collection":[{"href":"https:\/\/archive.sana.sy\/tr\/index.php?rest_route=\/wp\/v2\/posts"}],"about":[{"href":"https:\/\/archive.sana.sy\/tr\/index.php?rest_route=\/wp\/v2\/types\/post"}],"author":[{"embeddable":true,"href":"https:\/\/archive.sana.sy\/tr\/index.php?rest_route=\/wp\/v2\/users\/1"}],"replies":[{"embeddable":true,"href":"https:\/\/archive.sana.sy\/tr\/index.php?rest_route=%2Fwp%2Fv2%2Fcomments&post=62660"}],"version-history":[{"count":0,"href":"https:\/\/archive.sana.sy\/tr\/index.php?rest_route=\/wp\/v2\/posts\/62660\/revisions"}],"wp:attachment":[{"href":"https:\/\/archive.sana.sy\/tr\/index.php?rest_route=%2Fwp%2Fv2%2Fmedia&parent=62660"}],"wp:term":[{"taxonomy":"category","embeddable":true,"href":"https:\/\/archive.sana.sy\/tr\/index.php?rest_route=%2Fwp%2Fv2%2Fcategories&post=62660"},{"taxonomy":"post_tag","embeddable":true,"href":"https:\/\/archive.sana.sy\/tr\/index.php?rest_route=%2Fwp%2Fv2%2Ftags&post=62660"}],"curies":[{"name":"wp","href":"https:\/\/api.w.org\/{rel}","templated":true}]}}