{"id":62680,"date":"2016-02-24T15:00:44","date_gmt":"2016-02-24T13:00:44","guid":{"rendered":"http:\/\/www.sana.sy\/tr\/?p=62680"},"modified":"2016-02-25T10:18:26","modified_gmt":"2016-02-25T08:18:26","slug":"erdogan-rejimine-tabi-teroristler-gelisiguzel-saldirilarini-surdurdu","status":"publish","type":"post","link":"https:\/\/archive.sana.sy\/tr\/?p=62680","title":{"rendered":"Erdo\u011fan Rejimine Tabi Ter\u00f6ristler Geli\u015fig\u00fczel Sald\u0131r\u0131lar\u0131n\u0131 S\u00fcrd\u00fcrd\u00fc"},"content":{"rendered":"<p>HALEP \u2013 T\u00fcrkiye ve Suudi Arabistan rejimlerinin destek ve komutas\u0131nda ter\u00f6r estiren tekfirci ve kiral\u0131k \u00e7eteler bug\u00fcn yine Halep kentinin sivil yerle\u015fim alanlar\u0131na gaddar ve geli\u015fig\u00fczel f\u00fcze sald\u0131r\u0131lar\u0131nda bulunarak bir\u00e7ok sivil vatanda\u015f\u0131n \u015fehit ya da yaral\u0131 d\u00fc\u015fmelerine yol a\u00e7t\u0131.<\/p>\n<p>Halep Valili\u011finde yetkili bir kaynak SANA\u2019ya a\u00e7\u0131klamas\u0131nda Erdo\u011fan ve Al Suud rejimlerinin destekledikleri ter\u00f6ristlerin Halep Kentinin Cmeyliye Semtine f\u00fczelerle sald\u0131rmalar\u0131 sonucunda aralar\u0131nda \u00e7ocuk ve kad\u0131nlar\u0131n bulundu\u011fu 8 vatanda\u015f\u0131n \u015fehit, 7 vatanda\u015f\u0131n da yaral\u0131 d\u00fc\u015ft\u00fcklerini belirtti.<\/p>\n<p>R.H.<\/p>\n","protected":false},"excerpt":{"rendered":"<p>HALEP \u2013 T\u00fcrkiye ve Suudi Arabistan rejimlerinin destek ve komutas\u0131nda ter\u00f6r estiren tekfirci ve kiral\u0131k \u00e7eteler bug\u00fcn yine Halep kentinin sivil yerle\u015fim alanlar\u0131na gaddar ve geli\u015fig\u00fczel f\u00fcze sald\u0131r\u0131lar\u0131nda bulunarak bir\u00e7ok sivil vatanda\u015f\u0131n \u015fehit ya da yaral\u0131 d\u00fc\u015fmelerine yol a\u00e7t\u0131. Halep Valili\u011finde yetkili bir kaynak SANA\u2019ya a\u00e7\u0131klamas\u0131nda Erdo\u011fan ve Al Suud rejimlerinin destekledikleri ter\u00f6ristlerin Halep Kentinin &hellip;<\/p>\n","protected":false},"author":1,"featured_media":62687,"comment_status":"closed","ping_status":"closed","sticky":false,"template":"","format":"standard","meta":{"footnotes":""},"categories":[575,17988],"tags":[19476],"class_list":["post-62680","post","type-post","status-publish","format-standard","has-post-thumbnail","","category-olaylar-ve-gercekler","category-son-haberler","tag-erdogan-rejimine-tabi-teroristler-gelisiguzel-saldirilarini-surdurdu"],"_links":{"self":[{"href":"https:\/\/archive.sana.sy\/tr\/index.php?rest_route=\/wp\/v2\/posts\/62680","targetHints":{"allow":["GET"]}}],"collection":[{"href":"https:\/\/archive.sana.sy\/tr\/index.php?rest_route=\/wp\/v2\/posts"}],"about":[{"href":"https:\/\/archive.sana.sy\/tr\/index.php?rest_route=\/wp\/v2\/types\/post"}],"author":[{"embeddable":true,"href":"https:\/\/archive.sana.sy\/tr\/index.php?rest_route=\/wp\/v2\/users\/1"}],"replies":[{"embeddable":true,"href":"https:\/\/archive.sana.sy\/tr\/index.php?rest_route=%2Fwp%2Fv2%2Fcomments&post=62680"}],"version-history":[{"count":0,"href":"https:\/\/archive.sana.sy\/tr\/index.php?rest_route=\/wp\/v2\/posts\/62680\/revisions"}],"wp:featuredmedia":[{"embeddable":true,"href":"https:\/\/archive.sana.sy\/tr\/index.php?rest_route=\/wp\/v2\/media\/62687"}],"wp:attachment":[{"href":"https:\/\/archive.sana.sy\/tr\/index.php?rest_route=%2Fwp%2Fv2%2Fmedia&parent=62680"}],"wp:term":[{"taxonomy":"category","embeddable":true,"href":"https:\/\/archive.sana.sy\/tr\/index.php?rest_route=%2Fwp%2Fv2%2Fcategories&post=62680"},{"taxonomy":"post_tag","embeddable":true,"href":"https:\/\/archive.sana.sy\/tr\/index.php?rest_route=%2Fwp%2Fv2%2Ftags&post=62680"}],"curies":[{"name":"wp","href":"https:\/\/api.w.org\/{rel}","templated":true}]}}