{"id":62682,"date":"2016-02-24T13:32:38","date_gmt":"2016-02-24T11:32:38","guid":{"rendered":"http:\/\/www.sana.sy\/tr\/?p=62682"},"modified":"2016-02-24T15:59:55","modified_gmt":"2016-02-24T13:59:55","slug":"halep-ve-kirsalinda-turkiye-ve-al-suud-rejimlerinin-her-turlu-destegi-temin-edip-komuta-ettikleri-tekfirci-ve-kiralik-teroristlere-yonelik-operasyonlarini-surduren-ordu-briliklerimizde-bir-kaynak-hal","status":"publish","type":"post","link":"https:\/\/archive.sana.sy\/tr\/?p=62682","title":{"rendered":"Halep ve k\u0131rsal\u0131nda T\u00fcrkiye ve Al Suud rejimlerinin her t\u00fcrl\u00fc deste\u011fi temin edip komuta ettikleri tekfirci ve kiral\u0131k ter\u00f6ristlere y\u00f6nelik operasyonlar\u0131n\u0131 s\u00fcrd\u00fcren ordu birliklerimizde bir kaynak; Halep k\u0131rsal\u0131n\u0131n g\u00fcneydo\u011fusu Hanas\u0131r ve Resm el Nefl b\u00f6lgelerinde I\u015e\u0130D tekfircilerinin toplanma mevkileri ve ara\u00e7lar\u0131n\u0131 imha ettiklerini belirtti"},"content":{"rendered":"<p>Halep ve k\u0131rsal\u0131nda T\u00fcrkiye ve Al Suud rejimlerinin her t\u00fcrl\u00fc deste\u011fi temin edip komuta ettikleri tekfirci ve kiral\u0131k ter\u00f6ristlere y\u00f6nelik operasyonlar\u0131n\u0131 s\u00fcrd\u00fcren ordu birliklerimizde bir kaynak; Halep k\u0131rsal\u0131n\u0131n g\u00fcneydo\u011fusu Hanas\u0131r ve Resm el Nefl b\u00f6lgelerinde I\u015e\u0130D tekfircilerinin toplanma mevkileri ve ara\u00e7lar\u0131n\u0131 imha ettiklerini belirtti<\/p>\n","protected":false},"excerpt":{"rendered":"<p>Halep ve k\u0131rsal\u0131nda T\u00fcrkiye ve Al Suud rejimlerinin her t\u00fcrl\u00fc deste\u011fi temin edip komuta ettikleri tekfirci ve kiral\u0131k ter\u00f6ristlere y\u00f6nelik operasyonlar\u0131n\u0131 s\u00fcrd\u00fcren ordu birliklerimizde bir kaynak; Halep k\u0131rsal\u0131n\u0131n g\u00fcneydo\u011fusu Hanas\u0131r ve Resm el Nefl b\u00f6lgelerinde I\u015e\u0130D tekfircilerinin toplanma mevkileri ve ara\u00e7lar\u0131n\u0131 imha ettiklerini belirtti<\/p>\n","protected":false},"author":1,"featured_media":0,"comment_status":"closed","ping_status":"closed","sticky":false,"template":"","format":"standard","meta":{"footnotes":""},"categories":[17991],"tags":[],"class_list":["post-62682","post","type-post","status-publish","format-standard","","category-son-dakika"],"_links":{"self":[{"href":"https:\/\/archive.sana.sy\/tr\/index.php?rest_route=\/wp\/v2\/posts\/62682","targetHints":{"allow":["GET"]}}],"collection":[{"href":"https:\/\/archive.sana.sy\/tr\/index.php?rest_route=\/wp\/v2\/posts"}],"about":[{"href":"https:\/\/archive.sana.sy\/tr\/index.php?rest_route=\/wp\/v2\/types\/post"}],"author":[{"embeddable":true,"href":"https:\/\/archive.sana.sy\/tr\/index.php?rest_route=\/wp\/v2\/users\/1"}],"replies":[{"embeddable":true,"href":"https:\/\/archive.sana.sy\/tr\/index.php?rest_route=%2Fwp%2Fv2%2Fcomments&post=62682"}],"version-history":[{"count":0,"href":"https:\/\/archive.sana.sy\/tr\/index.php?rest_route=\/wp\/v2\/posts\/62682\/revisions"}],"wp:attachment":[{"href":"https:\/\/archive.sana.sy\/tr\/index.php?rest_route=%2Fwp%2Fv2%2Fmedia&parent=62682"}],"wp:term":[{"taxonomy":"category","embeddable":true,"href":"https:\/\/archive.sana.sy\/tr\/index.php?rest_route=%2Fwp%2Fv2%2Fcategories&post=62682"},{"taxonomy":"post_tag","embeddable":true,"href":"https:\/\/archive.sana.sy\/tr\/index.php?rest_route=%2Fwp%2Fv2%2Ftags&post=62682"}],"curies":[{"name":"wp","href":"https:\/\/api.w.org\/{rel}","templated":true}]}}