{"id":6269,"date":"2014-07-31T14:46:22","date_gmt":"2014-07-31T11:46:22","guid":{"rendered":"http:\/\/www.sana.sy\/tr\/?p=6269"},"modified":"2014-08-01T00:16:15","modified_gmt":"2014-07-31T21:16:15","slug":"hasekede-23-kisi-daha-teslim-oldu","status":"publish","type":"post","link":"https:\/\/archive.sana.sy\/tr\/?p=6269","title":{"rendered":"Haseke\u2019de 23 Ki\u015fi Daha Teslim Oldu"},"content":{"rendered":"<p>HASEKE \u2013 Haseke\u2019de bug\u00fcn, muhtelif \u015fekillerde oyuna getirilerek silahl\u0131 eylemlere kat\u0131lan 23 ki\u015fi silahlar\u0131yla birlikte ilgili g\u00fcvenlik kurumlar\u0131na teslim oldular.<\/p>\n<p>Daha \u00f6nceki g\u00fcnlerde de onlarca ki\u015fi benzer ko\u015fullarda teslim olmu\u015f, yeniden ulusal g\u00fcvenli\u011fi tehdit edecek eylemlere kat\u0131lmama taahh\u00fcd\u00fc imzalamalar\u0131 ard\u0131ndan serbest b\u0131rak\u0131lm\u0131\u015flard\u0131.<\/p>\n","protected":false},"excerpt":{"rendered":"<p>HASEKE \u2013 Haseke\u2019de bug\u00fcn, muhtelif \u015fekillerde oyuna getirilerek silahl\u0131 eylemlere kat\u0131lan 23 ki\u015fi silahlar\u0131yla birlikte ilgili g\u00fcvenlik kurumlar\u0131na teslim oldular. Daha \u00f6nceki g\u00fcnlerde de onlarca ki\u015fi benzer ko\u015fullarda teslim olmu\u015f, yeniden ulusal g\u00fcvenli\u011fi tehdit edecek eylemlere kat\u0131lmama taahh\u00fcd\u00fc imzalamalar\u0131 ard\u0131ndan serbest b\u0131rak\u0131lm\u0131\u015flard\u0131.<\/p>\n","protected":false},"author":1,"featured_media":6271,"comment_status":"closed","ping_status":"closed","sticky":false,"template":"","format":"standard","meta":{"footnotes":""},"categories":[479,575,478],"tags":[1387],"class_list":["post-6269","post","type-post","status-publish","format-standard","has-post-thumbnail","","category-haberler-yerel","category-olaylar-ve-gercekler","category-yerel","tag-hasekede-23-kisi-daha-teslim-oldu"],"_links":{"self":[{"href":"https:\/\/archive.sana.sy\/tr\/index.php?rest_route=\/wp\/v2\/posts\/6269","targetHints":{"allow":["GET"]}}],"collection":[{"href":"https:\/\/archive.sana.sy\/tr\/index.php?rest_route=\/wp\/v2\/posts"}],"about":[{"href":"https:\/\/archive.sana.sy\/tr\/index.php?rest_route=\/wp\/v2\/types\/post"}],"author":[{"embeddable":true,"href":"https:\/\/archive.sana.sy\/tr\/index.php?rest_route=\/wp\/v2\/users\/1"}],"replies":[{"embeddable":true,"href":"https:\/\/archive.sana.sy\/tr\/index.php?rest_route=%2Fwp%2Fv2%2Fcomments&post=6269"}],"version-history":[{"count":0,"href":"https:\/\/archive.sana.sy\/tr\/index.php?rest_route=\/wp\/v2\/posts\/6269\/revisions"}],"wp:featuredmedia":[{"embeddable":true,"href":"https:\/\/archive.sana.sy\/tr\/index.php?rest_route=\/wp\/v2\/media\/6271"}],"wp:attachment":[{"href":"https:\/\/archive.sana.sy\/tr\/index.php?rest_route=%2Fwp%2Fv2%2Fmedia&parent=6269"}],"wp:term":[{"taxonomy":"category","embeddable":true,"href":"https:\/\/archive.sana.sy\/tr\/index.php?rest_route=%2Fwp%2Fv2%2Fcategories&post=6269"},{"taxonomy":"post_tag","embeddable":true,"href":"https:\/\/archive.sana.sy\/tr\/index.php?rest_route=%2Fwp%2Fv2%2Ftags&post=6269"}],"curies":[{"name":"wp","href":"https:\/\/api.w.org\/{rel}","templated":true}]}}