{"id":62695,"date":"2016-02-24T14:05:17","date_gmt":"2016-02-24T12:05:17","guid":{"rendered":"http:\/\/www.sana.sy\/tr\/?p=62695"},"modified":"2016-02-24T13:55:34","modified_gmt":"2016-02-24T11:55:34","slug":"suriyede-krizin-baslamasi-ve-devam-etmesinden-abd-ve-muttefiklerinin-yani-sira-bolgedeki-edatlarinin-sorumlu-oldugunu-vurgulayan-bakanlik-kaynagi-abdnin-teror-orgutlere-destegini-surdurmes","status":"publish","type":"post","link":"https:\/\/archive.sana.sy\/tr\/?p=62695","title":{"rendered":"Suriye&#8217;de krizin ba\u015flamas\u0131 ve devam etmesinden ABD ve m\u00fcttefiklerinin yan\u0131 s\u0131ra b\u00f6lgedeki edatlar\u0131n\u0131n sorumlu oldu\u011funu vurgulayan bakanl\u0131k kayna\u011f\u0131; ABD\u2019nin ter\u00f6r \u00f6rg\u00fctlere deste\u011fini s\u00fcrd\u00fcrmesinin yan\u0131 s\u0131ra BM G\u00fcvenlik Konseyinin daimi \u00fcyesi olarak ter\u00f6rle m\u00fccadeleye ili\u015fkin konsey kararlar\u0131n\u0131n hayata ge\u00e7irilmesinde \u00fcst\u00fcne d\u00fc\u015fen g\u00f6rev ve sorumlulu\u011fu yerine getirmedi\u011fine de vurgu yapt\u0131"},"content":{"rendered":"<p>Suriye&#8217;de krizin ba\u015flamas\u0131 ve devam etmesinden ABD ve m\u00fcttefiklerinin yan\u0131 s\u0131ra b\u00f6lgedeki edatlar\u0131n\u0131n sorumlu oldu\u011funu vurgulayan bakanl\u0131k kayna\u011f\u0131; ABD\u2019nin ter\u00f6r \u00f6rg\u00fctlere deste\u011fini s\u00fcrd\u00fcrmesinin yan\u0131 s\u0131ra BM G\u00fcvenlik Konseyinin daimi \u00fcyesi olarak ter\u00f6rle m\u00fccadeleye ili\u015fkin konsey kararlar\u0131n\u0131n hayata ge\u00e7irilmesinde \u00fcst\u00fcne d\u00fc\u015fen g\u00f6rev ve sorumlulu\u011fu yerine getirmedi\u011fine de vurgu yapt\u0131<\/p>\n","protected":false},"excerpt":{"rendered":"<p>Suriye&#8217;de krizin ba\u015flamas\u0131 ve devam etmesinden ABD ve m\u00fcttefiklerinin yan\u0131 s\u0131ra b\u00f6lgedeki edatlar\u0131n\u0131n sorumlu oldu\u011funu vurgulayan bakanl\u0131k kayna\u011f\u0131; ABD\u2019nin ter\u00f6r \u00f6rg\u00fctlere deste\u011fini s\u00fcrd\u00fcrmesinin yan\u0131 s\u0131ra BM G\u00fcvenlik Konseyinin daimi \u00fcyesi olarak ter\u00f6rle m\u00fccadeleye ili\u015fkin konsey kararlar\u0131n\u0131n hayata ge\u00e7irilmesinde \u00fcst\u00fcne d\u00fc\u015fen g\u00f6rev ve sorumlulu\u011fu yerine getirmedi\u011fine de vurgu yapt\u0131<\/p>\n","protected":false},"author":1,"featured_media":0,"comment_status":"closed","ping_status":"closed","sticky":false,"template":"","format":"standard","meta":{"footnotes":""},"categories":[17991],"tags":[],"class_list":["post-62695","post","type-post","status-publish","format-standard","","category-son-dakika"],"_links":{"self":[{"href":"https:\/\/archive.sana.sy\/tr\/index.php?rest_route=\/wp\/v2\/posts\/62695","targetHints":{"allow":["GET"]}}],"collection":[{"href":"https:\/\/archive.sana.sy\/tr\/index.php?rest_route=\/wp\/v2\/posts"}],"about":[{"href":"https:\/\/archive.sana.sy\/tr\/index.php?rest_route=\/wp\/v2\/types\/post"}],"author":[{"embeddable":true,"href":"https:\/\/archive.sana.sy\/tr\/index.php?rest_route=\/wp\/v2\/users\/1"}],"replies":[{"embeddable":true,"href":"https:\/\/archive.sana.sy\/tr\/index.php?rest_route=%2Fwp%2Fv2%2Fcomments&post=62695"}],"version-history":[{"count":0,"href":"https:\/\/archive.sana.sy\/tr\/index.php?rest_route=\/wp\/v2\/posts\/62695\/revisions"}],"wp:attachment":[{"href":"https:\/\/archive.sana.sy\/tr\/index.php?rest_route=%2Fwp%2Fv2%2Fmedia&parent=62695"}],"wp:term":[{"taxonomy":"category","embeddable":true,"href":"https:\/\/archive.sana.sy\/tr\/index.php?rest_route=%2Fwp%2Fv2%2Fcategories&post=62695"},{"taxonomy":"post_tag","embeddable":true,"href":"https:\/\/archive.sana.sy\/tr\/index.php?rest_route=%2Fwp%2Fv2%2Ftags&post=62695"}],"curies":[{"name":"wp","href":"https:\/\/api.w.org\/{rel}","templated":true}]}}