{"id":62697,"date":"2016-02-24T14:10:17","date_gmt":"2016-02-24T12:10:17","guid":{"rendered":"http:\/\/www.sana.sy\/tr\/?p=62697"},"modified":"2016-02-24T15:47:46","modified_gmt":"2016-02-24T13:47:46","slug":"kaynak-terorle-mucadele-ettigini-iddia-ettigi-bir-zamanda-bu-terore-her-turlu-destegi-temin-eden-suudi-arabistan-ve-turkiye-rejimlerinin-bu-desteklerini-kesmeleri-ve-bm-guvenlik-konseyinin-2254-sayili","status":"publish","type":"post","link":"https:\/\/archive.sana.sy\/tr\/?p=62697","title":{"rendered":"Kaynak ter\u00f6rle m\u00fccadele etti\u011fini iddia etti\u011fi bir zamanda bu ter\u00f6re her t\u00fcrl\u00fc deste\u011fi temin eden Suudi Arabistan ve T\u00fcrkiye rejimlerinin bu desteklerini kesmeleri ve BM G\u00fcvenlik Konseyinin 2254 say\u0131l\u0131 karar\u0131 ba\u015fta olmak \u00fczere ter\u00f6rle m\u00fccadeleye ili\u015fkin di\u011fer kararlar\u0131na ihlallerine son vermek i\u00e7in hi\u00e7bir icraata bulunmad\u0131\u011f\u0131na dikkat \u00e7ekti"},"content":{"rendered":"<p>Kaynak ter\u00f6rle m\u00fccadele etti\u011fini iddia etti\u011fi bir zamanda bu ter\u00f6re her t\u00fcrl\u00fc deste\u011fi temin eden Suudi Arabistan ve T\u00fcrkiye rejimlerinin bu desteklerini kesmeleri ve BM G\u00fcvenlik Konseyinin 2254 say\u0131l\u0131 karar\u0131 ba\u015fta olmak \u00fczere ter\u00f6rle m\u00fccadeleye ili\u015fkin di\u011fer kararlar\u0131na ihlallerine son vermek i\u00e7in hi\u00e7bir icraata bulunmad\u0131\u011f\u0131na dikkat \u00e7ekti<\/p>\n","protected":false},"excerpt":{"rendered":"<p>Kaynak ter\u00f6rle m\u00fccadele etti\u011fini iddia etti\u011fi bir zamanda bu ter\u00f6re her t\u00fcrl\u00fc deste\u011fi temin eden Suudi Arabistan ve T\u00fcrkiye rejimlerinin bu desteklerini kesmeleri ve BM G\u00fcvenlik Konseyinin 2254 say\u0131l\u0131 karar\u0131 ba\u015fta olmak \u00fczere ter\u00f6rle m\u00fccadeleye ili\u015fkin di\u011fer kararlar\u0131na ihlallerine son vermek i\u00e7in hi\u00e7bir icraata bulunmad\u0131\u011f\u0131na dikkat \u00e7ekti<\/p>\n","protected":false},"author":1,"featured_media":0,"comment_status":"closed","ping_status":"closed","sticky":false,"template":"","format":"standard","meta":{"footnotes":""},"categories":[17991],"tags":[],"class_list":["post-62697","post","type-post","status-publish","format-standard","","category-son-dakika"],"_links":{"self":[{"href":"https:\/\/archive.sana.sy\/tr\/index.php?rest_route=\/wp\/v2\/posts\/62697","targetHints":{"allow":["GET"]}}],"collection":[{"href":"https:\/\/archive.sana.sy\/tr\/index.php?rest_route=\/wp\/v2\/posts"}],"about":[{"href":"https:\/\/archive.sana.sy\/tr\/index.php?rest_route=\/wp\/v2\/types\/post"}],"author":[{"embeddable":true,"href":"https:\/\/archive.sana.sy\/tr\/index.php?rest_route=\/wp\/v2\/users\/1"}],"replies":[{"embeddable":true,"href":"https:\/\/archive.sana.sy\/tr\/index.php?rest_route=%2Fwp%2Fv2%2Fcomments&post=62697"}],"version-history":[{"count":0,"href":"https:\/\/archive.sana.sy\/tr\/index.php?rest_route=\/wp\/v2\/posts\/62697\/revisions"}],"wp:attachment":[{"href":"https:\/\/archive.sana.sy\/tr\/index.php?rest_route=%2Fwp%2Fv2%2Fmedia&parent=62697"}],"wp:term":[{"taxonomy":"category","embeddable":true,"href":"https:\/\/archive.sana.sy\/tr\/index.php?rest_route=%2Fwp%2Fv2%2Fcategories&post=62697"},{"taxonomy":"post_tag","embeddable":true,"href":"https:\/\/archive.sana.sy\/tr\/index.php?rest_route=%2Fwp%2Fv2%2Ftags&post=62697"}],"curies":[{"name":"wp","href":"https:\/\/api.w.org\/{rel}","templated":true}]}}