{"id":62699,"date":"2016-02-24T14:15:40","date_gmt":"2016-02-24T12:15:40","guid":{"rendered":"http:\/\/www.sana.sy\/tr\/?p=62699"},"modified":"2016-02-24T14:01:36","modified_gmt":"2016-02-24T12:01:36","slug":"bakanlik-kaynagi-krizin-en-kisa-zamanda-sona-ermesiyle-birlikte-guvenlik-ve-istikrarin-saglanmasi-idealinde-olan-suriye-ve-halkinin-bugun-her-zamandan-daha-cok-teroru-bertaraf-etme-vatan-ve-vatandasl","status":"publish","type":"post","link":"https:\/\/archive.sana.sy\/tr\/?p=62699","title":{"rendered":"Bakanl\u0131k kayna\u011f\u0131 krizin en k\u0131sa zamanda sona ermesiyle birlikte g\u00fcvenlik ve istikrar\u0131n sa\u011flanmas\u0131 idealinde olan Suriye ve halk\u0131n\u0131n bug\u00fcn, her zamandan daha \u00e7ok ter\u00f6r\u00fc bertaraf etme vatan ve vatanda\u015flar\u0131n g\u00fcvenli\u011fini sa\u011flama kararl\u0131l\u0131\u011f\u0131 ve azminde oldu\u011funun alt\u0131n\u0131 \u00e7izdi"},"content":{"rendered":"<p>Bakanl\u0131k kayna\u011f\u0131 krizin en k\u0131sa zamanda sona ermesiyle birlikte g\u00fcvenlik ve istikrar\u0131n sa\u011flanmas\u0131 idealinde olan Suriye ve halk\u0131n\u0131n bug\u00fcn, her zamandan daha \u00e7ok ter\u00f6r\u00fc bertaraf etme vatan ve vatanda\u015flar\u0131n g\u00fcvenli\u011fini sa\u011flama kararl\u0131l\u0131\u011f\u0131 ve azminde oldu\u011funun alt\u0131n\u0131 \u00e7izdi<\/p>\n","protected":false},"excerpt":{"rendered":"<p>Bakanl\u0131k kayna\u011f\u0131 krizin en k\u0131sa zamanda sona ermesiyle birlikte g\u00fcvenlik ve istikrar\u0131n sa\u011flanmas\u0131 idealinde olan Suriye ve halk\u0131n\u0131n bug\u00fcn, her zamandan daha \u00e7ok ter\u00f6r\u00fc bertaraf etme vatan ve vatanda\u015flar\u0131n g\u00fcvenli\u011fini sa\u011flama kararl\u0131l\u0131\u011f\u0131 ve azminde oldu\u011funun alt\u0131n\u0131 \u00e7izdi<\/p>\n","protected":false},"author":1,"featured_media":0,"comment_status":"closed","ping_status":"closed","sticky":false,"template":"","format":"standard","meta":{"footnotes":""},"categories":[17991],"tags":[],"class_list":["post-62699","post","type-post","status-publish","format-standard","","category-son-dakika"],"_links":{"self":[{"href":"https:\/\/archive.sana.sy\/tr\/index.php?rest_route=\/wp\/v2\/posts\/62699","targetHints":{"allow":["GET"]}}],"collection":[{"href":"https:\/\/archive.sana.sy\/tr\/index.php?rest_route=\/wp\/v2\/posts"}],"about":[{"href":"https:\/\/archive.sana.sy\/tr\/index.php?rest_route=\/wp\/v2\/types\/post"}],"author":[{"embeddable":true,"href":"https:\/\/archive.sana.sy\/tr\/index.php?rest_route=\/wp\/v2\/users\/1"}],"replies":[{"embeddable":true,"href":"https:\/\/archive.sana.sy\/tr\/index.php?rest_route=%2Fwp%2Fv2%2Fcomments&post=62699"}],"version-history":[{"count":0,"href":"https:\/\/archive.sana.sy\/tr\/index.php?rest_route=\/wp\/v2\/posts\/62699\/revisions"}],"wp:attachment":[{"href":"https:\/\/archive.sana.sy\/tr\/index.php?rest_route=%2Fwp%2Fv2%2Fmedia&parent=62699"}],"wp:term":[{"taxonomy":"category","embeddable":true,"href":"https:\/\/archive.sana.sy\/tr\/index.php?rest_route=%2Fwp%2Fv2%2Fcategories&post=62699"},{"taxonomy":"post_tag","embeddable":true,"href":"https:\/\/archive.sana.sy\/tr\/index.php?rest_route=%2Fwp%2Fv2%2Ftags&post=62699"}],"curies":[{"name":"wp","href":"https:\/\/api.w.org\/{rel}","templated":true}]}}