{"id":62701,"date":"2016-02-24T14:20:21","date_gmt":"2016-02-24T12:20:21","guid":{"rendered":"http:\/\/www.sana.sy\/tr\/?p=62701"},"modified":"2016-02-24T14:02:02","modified_gmt":"2016-02-24T12:02:02","slug":"kaynak-suriye-ve-halkinin-ayni-zamanda-suriyenin-toprak-ve-halk-butunlugunun-yani-sira-ulusal-egemenlik-ve-bagimsiz-kararini-korumaya-her-zamandan-daha-cok-israrli-oldugunu-ifade-etti","status":"publish","type":"post","link":"https:\/\/archive.sana.sy\/tr\/?p=62701","title":{"rendered":"Kaynak Suriye ve halk\u0131n\u0131n ayn\u0131 zamanda Suriye&#8217;nin toprak ve halk b\u00fct\u00fcnl\u00fc\u011f\u00fcn\u00fcn yan\u0131 s\u0131ra ulusal egemenlik ve ba\u011f\u0131ms\u0131z karar\u0131n\u0131 korumaya her zamandan daha \u00e7ok \u0131srarl\u0131 oldu\u011funu ifade etti"},"content":{"rendered":"<p>Kaynak Suriye ve halk\u0131n\u0131n ayn\u0131 zamanda Suriye&#8217;nin toprak ve halk b\u00fct\u00fcnl\u00fc\u011f\u00fcn\u00fcn yan\u0131 s\u0131ra ulusal egemenlik ve ba\u011f\u0131ms\u0131z karar\u0131n\u0131 korumaya her zamandan daha \u00e7ok \u0131srarl\u0131 oldu\u011funu ifade etti<\/p>\n","protected":false},"excerpt":{"rendered":"<p>Kaynak Suriye ve halk\u0131n\u0131n ayn\u0131 zamanda Suriye&#8217;nin toprak ve halk b\u00fct\u00fcnl\u00fc\u011f\u00fcn\u00fcn yan\u0131 s\u0131ra ulusal egemenlik ve ba\u011f\u0131ms\u0131z karar\u0131n\u0131 korumaya her zamandan daha \u00e7ok \u0131srarl\u0131 oldu\u011funu ifade etti<\/p>\n","protected":false},"author":1,"featured_media":0,"comment_status":"closed","ping_status":"closed","sticky":false,"template":"","format":"standard","meta":{"footnotes":""},"categories":[17991],"tags":[],"class_list":["post-62701","post","type-post","status-publish","format-standard","","category-son-dakika"],"_links":{"self":[{"href":"https:\/\/archive.sana.sy\/tr\/index.php?rest_route=\/wp\/v2\/posts\/62701","targetHints":{"allow":["GET"]}}],"collection":[{"href":"https:\/\/archive.sana.sy\/tr\/index.php?rest_route=\/wp\/v2\/posts"}],"about":[{"href":"https:\/\/archive.sana.sy\/tr\/index.php?rest_route=\/wp\/v2\/types\/post"}],"author":[{"embeddable":true,"href":"https:\/\/archive.sana.sy\/tr\/index.php?rest_route=\/wp\/v2\/users\/1"}],"replies":[{"embeddable":true,"href":"https:\/\/archive.sana.sy\/tr\/index.php?rest_route=%2Fwp%2Fv2%2Fcomments&post=62701"}],"version-history":[{"count":0,"href":"https:\/\/archive.sana.sy\/tr\/index.php?rest_route=\/wp\/v2\/posts\/62701\/revisions"}],"wp:attachment":[{"href":"https:\/\/archive.sana.sy\/tr\/index.php?rest_route=%2Fwp%2Fv2%2Fmedia&parent=62701"}],"wp:term":[{"taxonomy":"category","embeddable":true,"href":"https:\/\/archive.sana.sy\/tr\/index.php?rest_route=%2Fwp%2Fv2%2Fcategories&post=62701"},{"taxonomy":"post_tag","embeddable":true,"href":"https:\/\/archive.sana.sy\/tr\/index.php?rest_route=%2Fwp%2Fv2%2Ftags&post=62701"}],"curies":[{"name":"wp","href":"https:\/\/api.w.org\/{rel}","templated":true}]}}