{"id":62705,"date":"2016-02-24T14:23:00","date_gmt":"2016-02-24T12:23:00","guid":{"rendered":"http:\/\/www.sana.sy\/tr\/?p=62705"},"modified":"2016-02-25T10:23:08","modified_gmt":"2016-02-25T08:23:08","slug":"bu-sesler-barisa-degil-savasa-cagridir","status":"publish","type":"post","link":"https:\/\/archive.sana.sy\/tr\/?p=62705","title":{"rendered":"Bu Sesler Bar\u0131\u015fa De\u011fil, Sava\u015fa \u00c7a\u011fr\u0131d\u0131r"},"content":{"rendered":"<p>MOSKOVA \u2013 Rusya D\u0131\u015fi\u015fleri Bakan\u0131 Sergey Lavrov Suriye&#8217;deki durum konusunda Rusya ile ABD aras\u0131nda yap\u0131lan anla\u015fmadan ku\u015fku duyanlar\u0131n, bar\u0131\u015fa de\u011fil, sava\u015fa \u00e7a\u011fr\u0131 yapt\u0131klar\u0131n\u0131 belirtti.<\/p>\n<p>Moskova\u2019da bug\u00fcn N\u00fckleer Tehdit Giri\u015fimi \u00d6rg\u00fct\u00fcn\u00fcn e\u015fba\u015fkan\u0131 ABD eski Senat\u00f6r\u00fc Sam Nunn\u2019u kabul\u00fcnde yapt\u0131\u011f\u0131 a\u00e7\u0131klamada Lavrov; ABD ve Rusya aras\u0131nda Suriye&#8217;de \u00e7at\u0131\u015fmalar\u0131 durdurma anla\u015fmas\u0131n\u0131n ilan edildi\u011fi ayn\u0131 g\u00fcn i\u00e7inde bizzat Washington\u2019un yan\u0131 s\u0131ra ABD m\u00fcttefiki kimi ba\u015fkentlerden bu anla\u015fman\u0131n hayata ge\u00e7irilmesi konusunda ku\u015fkulu a\u00e7\u0131klamalar \u00e7\u0131kt\u0131\u011f\u0131na dikkat \u00e7ekti. Lavrov bu seslerin bar\u0131\u015fa de\u011fil, sava\u015fa \u00e7a\u011fr\u0131 niteli\u011fi te\u015fkil etti\u011fini belirtmek istedi\u011fini ifade etti.<\/p>\n","protected":false},"excerpt":{"rendered":"<p>MOSKOVA \u2013 Rusya D\u0131\u015fi\u015fleri Bakan\u0131 Sergey Lavrov Suriye&#8217;deki durum konusunda Rusya ile ABD aras\u0131nda yap\u0131lan anla\u015fmadan ku\u015fku duyanlar\u0131n, bar\u0131\u015fa de\u011fil, sava\u015fa \u00e7a\u011fr\u0131 yapt\u0131klar\u0131n\u0131 belirtti. Moskova\u2019da bug\u00fcn N\u00fckleer Tehdit Giri\u015fimi \u00d6rg\u00fct\u00fcn\u00fcn e\u015fba\u015fkan\u0131 ABD eski Senat\u00f6r\u00fc Sam Nunn\u2019u kabul\u00fcnde yapt\u0131\u011f\u0131 a\u00e7\u0131klamada Lavrov; ABD ve Rusya aras\u0131nda Suriye&#8217;de \u00e7at\u0131\u015fmalar\u0131 durdurma anla\u015fmas\u0131n\u0131n ilan edildi\u011fi ayn\u0131 g\u00fcn i\u00e7inde bizzat Washington\u2019un &hellip;<\/p>\n","protected":false},"author":1,"featured_media":62708,"comment_status":"closed","ping_status":"closed","sticky":false,"template":"","format":"standard","meta":{"footnotes":""},"categories":[458,459,17988],"tags":[19482,19484,19483,3846,19485],"class_list":["post-62705","post","type-post","status-publish","format-standard","has-post-thumbnail","","category-dunya1","category-haberler-arap-uluslararasi-politika","category-son-haberler","tag-bu-sesler-barisa-degil","tag-rusya-disisleri-bakani","tag-savasa-cagridir","tag-sergey-lavrov","tag-suriyede-ateskes-anlasmasi"],"_links":{"self":[{"href":"https:\/\/archive.sana.sy\/tr\/index.php?rest_route=\/wp\/v2\/posts\/62705","targetHints":{"allow":["GET"]}}],"collection":[{"href":"https:\/\/archive.sana.sy\/tr\/index.php?rest_route=\/wp\/v2\/posts"}],"about":[{"href":"https:\/\/archive.sana.sy\/tr\/index.php?rest_route=\/wp\/v2\/types\/post"}],"author":[{"embeddable":true,"href":"https:\/\/archive.sana.sy\/tr\/index.php?rest_route=\/wp\/v2\/users\/1"}],"replies":[{"embeddable":true,"href":"https:\/\/archive.sana.sy\/tr\/index.php?rest_route=%2Fwp%2Fv2%2Fcomments&post=62705"}],"version-history":[{"count":0,"href":"https:\/\/archive.sana.sy\/tr\/index.php?rest_route=\/wp\/v2\/posts\/62705\/revisions"}],"wp:featuredmedia":[{"embeddable":true,"href":"https:\/\/archive.sana.sy\/tr\/index.php?rest_route=\/wp\/v2\/media\/62708"}],"wp:attachment":[{"href":"https:\/\/archive.sana.sy\/tr\/index.php?rest_route=%2Fwp%2Fv2%2Fmedia&parent=62705"}],"wp:term":[{"taxonomy":"category","embeddable":true,"href":"https:\/\/archive.sana.sy\/tr\/index.php?rest_route=%2Fwp%2Fv2%2Fcategories&post=62705"},{"taxonomy":"post_tag","embeddable":true,"href":"https:\/\/archive.sana.sy\/tr\/index.php?rest_route=%2Fwp%2Fv2%2Ftags&post=62705"}],"curies":[{"name":"wp","href":"https:\/\/api.w.org\/{rel}","templated":true}]}}