{"id":62707,"date":"2016-02-24T14:51:27","date_gmt":"2016-02-24T12:51:27","guid":{"rendered":"http:\/\/www.sana.sy\/tr\/?p=62707"},"modified":"2016-02-25T10:22:10","modified_gmt":"2016-02-25T08:22:10","slug":"icrc-yardimlarini-arttirmak-istiyor","status":"publish","type":"post","link":"https:\/\/archive.sana.sy\/tr\/?p=62707","title":{"rendered":"ICRC Yard\u0131mlar\u0131n\u0131 Artt\u0131rmak \u0130stiyor"},"content":{"rendered":"<p>\u015eAM \u2013 Ba\u015fbakan Vail el Halaki bug\u00fcn Uluslararas\u0131 K\u0131z\u0131lha\u00e7 Komitesi (ICRC) Ba\u015fkan\u0131 Peter Maurer\u2019i kabul ederek ihtiya\u00e7 sahiplerine g\u0131da ve t\u0131bbi gereksinimlerin sa\u011flanmas\u0131na ek olarak ter\u00f6r \u00f6rg\u00fctleri taraf\u0131ndan ka\u00e7\u0131r\u0131lanlar\u0131n meselesini \u00e7\u00f6zmede iki taraf aras\u0131ndaki i\u015fbirli\u011fini daha \u00e7ok peki\u015ftirme olanaklar\u0131n\u0131 g\u00f6r\u00fc\u015ft\u00fc.<\/p>\n<p>G\u00f6r\u00fc\u015fmede Suriye halk\u0131n\u0131n t\u00fcm ihtiya\u00e7lar\u0131n\u0131n kar\u015f\u0131lanmas\u0131, ter\u00f6r\u00fcn son bulmas\u0131 ve t\u00fcm vatanda\u015flar\u0131n g\u00fcvenlik ve istikrar\u0131n\u0131n sa\u011flanmas\u0131nda Suriye h\u00fck\u00fcmetinin \u00f6zen ve \u00e7abalar\u0131na dikkat \u00e7eken Halaki; halk\u0131n bu s\u00fcre\u00e7 i\u00e7inde devlete ve vatana desteklerinin b\u00fcy\u00fck \u00f6nem ta\u015f\u0131mas\u0131ndan hareket etle bunlar\u0131n h\u00fck\u00fcmetin temel \u00f6ncelikleri oldu\u011funa vurgu yapt\u0131.<\/p>\n<p>Ba\u015fbakan Halaki d\u0131\u015f g\u00fc\u00e7lerin destek ve talimatlar\u0131yla faaliyet g\u00f6steren ter\u00f6r \u00f6rg\u00fctlerin altyap\u0131 ve hizmet kurumlar\u0131n\u0131n yan\u0131 s\u0131ra yol kesme ve insani yard\u0131m konvoylar\u0131na sald\u0131r\u0131p yard\u0131mlar\u0131 gasp etme eylemlerine dikkat \u00e7ekti. Buna ilaveten ter\u00f6r\u00fc destekleyen devletlerin Suriye ve halk\u0131na kar\u015f\u0131 uygulad\u0131klar\u0131 ekonomik yapt\u0131r\u0131mlar\u0131n da insani durumlar\u0131n k\u00f6t\u00fcle\u015fmesinde b\u00fcy\u00fck rol oynad\u0131\u011f\u0131na vurgu yapan Halaki; ayn\u0131 taraflar\u0131n Suriye&#8217;de insani durumlar\u0131 politikle\u015ftirip siyasi bask\u0131 arac\u0131 olarak kulland\u0131klar\u0131n\u0131 belirtti.<\/p>\n<p>Ba\u015fbakan Halaki Suriye K\u0131z\u0131lay \u00d6rg\u00fct\u00fcn\u00fcn yurdun her yerinde yo\u011fun insani \u00e7abalarda bulundu\u011funu ifade ederken, herhangi bir siyasi ya da benzer hi\u00e7bir ay\u0131r\u0131m g\u00f6zetmeksizin \u00e7al\u0131\u015fmalar\u0131n\u0131 insani \u00e7er\u00e7evede y\u00fcr\u00fcten bu \u00f6rg\u00fct\u00fcn \u00e7al\u0131\u015fanlar\u0131n\u0131n muhtelif b\u00f6lgelerde ter\u00f6r \u00f6rg\u00fctleri taraf\u0131ndan maruz kald\u0131klar\u0131 sald\u0131r\u0131lara dikkat \u00e7ekti.<\/p>\n<p>H\u00fck\u00fcmetin yurdun her yerine yine herhangi bir ay\u0131r\u0131m g\u00f6zetmeksizin insani yard\u0131mlar\u0131 ula\u015ft\u0131rmaya \u00e7al\u0131\u015ft\u0131\u011f\u0131n\u0131 belirten Halaki; bu ba\u011flamda yard\u0131m komisyonunun bulundu\u011funu ve komisyonun periyodik \u00e7al\u0131\u015fma cetveli bulundu\u011funu ifade etti. Halaki Suriye h\u00fck\u00fcmetinin ter\u00f6r eylemlerinden ka\u00e7an vatanda\u015flar i\u00e7in bir\u00e7ok b\u00f6lgede ge\u00e7ici ikamet merkezleri kurdu\u011funu ve bu merkezlerde t\u0131bbi ve sosyal yard\u0131mlarda bulundu\u011funu s\u00f6yledi.<\/p>\n<p>G\u00f6r\u00fc\u015fmede Uluslararas\u0131 K\u0131z\u0131lha\u00e7 \u00d6rg\u00fct\u00fc Ba\u015fkan\u0131 Maurer \u00f6rg\u00fct ile Suriye h\u00fck\u00fcmeti aras\u0131ndaki i\u015fbirli\u011fi ve ili\u015fkilerin ileri d\u00fczeyde geli\u015fmesinden memnuniyetini ifade ederken, bunun Suriye halk\u0131n\u0131n ihtiya\u00e7lar\u0131n\u0131n kar\u015f\u0131lanmas\u0131na olumlu yans\u0131malar\u0131na dikkat \u00e7ekti. Maurer \u00f6rg\u00fct\u00fcn muhtelif b\u00f6lgelere insani yard\u0131mlar\u0131n\u0131 artt\u0131rma arzusunda oldu\u011funa i\u015faret etti.<\/p>\n<p>Suriye h\u00fck\u00fcmetinin muhtelif b\u00f6lgelerde t\u00fcm Suriyelilerin t\u0131bbi ve sosyal ihtiya\u00e7lar\u0131n\u0131n kar\u015f\u0131lanmas\u0131na b\u00fcy\u00fck \u00e7aba harcad\u0131\u011f\u0131n\u0131n kimse taraf\u0131ndan inkar edilemez bir ger\u00e7ek oldu\u011funu s\u00f6yleyen Maurer; bu \u00e7abalar\u0131n takdire \u015fayan oldu\u011funu s\u00f6yledi.<\/p>\n","protected":false},"excerpt":{"rendered":"<p>\u015eAM \u2013 Ba\u015fbakan Vail el Halaki bug\u00fcn Uluslararas\u0131 K\u0131z\u0131lha\u00e7 Komitesi (ICRC) Ba\u015fkan\u0131 Peter Maurer\u2019i kabul ederek ihtiya\u00e7 sahiplerine g\u0131da ve t\u0131bbi gereksinimlerin sa\u011flanmas\u0131na ek olarak ter\u00f6r \u00f6rg\u00fctleri taraf\u0131ndan ka\u00e7\u0131r\u0131lanlar\u0131n meselesini \u00e7\u00f6zmede iki taraf aras\u0131ndaki i\u015fbirli\u011fini daha \u00e7ok peki\u015ftirme olanaklar\u0131n\u0131 g\u00f6r\u00fc\u015ft\u00fc. G\u00f6r\u00fc\u015fmede Suriye halk\u0131n\u0131n t\u00fcm ihtiya\u00e7lar\u0131n\u0131n kar\u015f\u0131lanmas\u0131, ter\u00f6r\u00fcn son bulmas\u0131 ve t\u00fcm vatanda\u015flar\u0131n g\u00fcvenlik ve istikrar\u0131n\u0131n &hellip;<\/p>\n","protected":false},"author":1,"featured_media":62711,"comment_status":"closed","ping_status":"closed","sticky":false,"template":"","format":"standard","meta":{"footnotes":""},"categories":[479,17988,478],"tags":[4770,18703,19488,19486,19363,18448,19487,18702],"class_list":["post-62707","post","type-post","status-publish","format-standard","has-post-thumbnail","","category-haberler-yerel","category-son-haberler","category-yerel","tag-iliman-muhalifler-korkak-ve-hain-saldirilarini-surduruyor-sam-kirsali-iliman-muhalifler-olarak-adlandirilan-gaddar-ve-hain-teror-cetelerinin-bugun-sam-kir","tag-basbakan","tag-crc-baskani-peter-maurer","tag-icrc-yardimlarini-arttirmak-istiyor","tag-insani-durum","tag-insani-yardim","tag-uluslararasi-kizilhac-komitesi","tag-vail-el-halaki"],"_links":{"self":[{"href":"https:\/\/archive.sana.sy\/tr\/index.php?rest_route=\/wp\/v2\/posts\/62707","targetHints":{"allow":["GET"]}}],"collection":[{"href":"https:\/\/archive.sana.sy\/tr\/index.php?rest_route=\/wp\/v2\/posts"}],"about":[{"href":"https:\/\/archive.sana.sy\/tr\/index.php?rest_route=\/wp\/v2\/types\/post"}],"author":[{"embeddable":true,"href":"https:\/\/archive.sana.sy\/tr\/index.php?rest_route=\/wp\/v2\/users\/1"}],"replies":[{"embeddable":true,"href":"https:\/\/archive.sana.sy\/tr\/index.php?rest_route=%2Fwp%2Fv2%2Fcomments&post=62707"}],"version-history":[{"count":0,"href":"https:\/\/archive.sana.sy\/tr\/index.php?rest_route=\/wp\/v2\/posts\/62707\/revisions"}],"wp:featuredmedia":[{"embeddable":true,"href":"https:\/\/archive.sana.sy\/tr\/index.php?rest_route=\/wp\/v2\/media\/62711"}],"wp:attachment":[{"href":"https:\/\/archive.sana.sy\/tr\/index.php?rest_route=%2Fwp%2Fv2%2Fmedia&parent=62707"}],"wp:term":[{"taxonomy":"category","embeddable":true,"href":"https:\/\/archive.sana.sy\/tr\/index.php?rest_route=%2Fwp%2Fv2%2Fcategories&post=62707"},{"taxonomy":"post_tag","embeddable":true,"href":"https:\/\/archive.sana.sy\/tr\/index.php?rest_route=%2Fwp%2Fv2%2Ftags&post=62707"}],"curies":[{"name":"wp","href":"https:\/\/api.w.org\/{rel}","templated":true}]}}