{"id":62716,"date":"2016-02-24T10:00:13","date_gmt":"2016-02-24T08:00:13","guid":{"rendered":"http:\/\/www.sana.sy\/tr\/?p=62716"},"modified":"2016-02-25T10:27:37","modified_gmt":"2016-02-25T08:27:37","slug":"etkisi-altindaki-gruplarla-sorumlu-cabalarda-bulunmasini-umut-etti","status":"publish","type":"post","link":"https:\/\/archive.sana.sy\/tr\/?p=62716","title":{"rendered":"Etkisi Alt\u0131ndaki Gruplarla Sorumlu \u00c7abalarda Bulunmas\u0131n\u0131 Umut Etti"},"content":{"rendered":"<p>MOSKOVA \u2013 Rusya Ba\u015fkanl\u0131k Saray\u0131 Kremlinin resmi s\u00f6zc\u00fcs\u00fc Dimtry Peskov Moskova ve \u015eam\u2019\u0131n aras\u0131nda daimi ve derin bir koordinasyonun bulundu\u011funu belirtti.<\/p>\n<p>Peskov bug\u00fcn yapt\u0131\u011f\u0131 bas\u0131n a\u00e7\u0131klamalar\u0131nda; Suriye&#8217;deki krizin \u00e7\u00f6z\u00fcm\u00fcnde Moskova ve \u015eam aras\u0131ndaki daimi koordinasyonun \u00f6nemine dikkat \u00e7ekerken iki taraf\u0131n geli\u015fmeler ve \u00e7\u00f6z\u00fcm ufuklar\u0131 konusunda benzer g\u00f6r\u00fc\u015fe sahip olduklar\u0131n\u0131 s\u00f6yledi.<\/p>\n<p>ABD D\u0131\u015fi\u015fleri Bakan\u0131 John Kerry\u2019nin \u2018Suriye&#8217;de \u00e7at\u0131\u015fmalar\u0131n durdurulmas\u0131 anla\u015fmas\u0131n\u0131n ba\u015far\u0131s\u0131z olmas\u0131 halinde B plan\u0131n\u0131n bulundu\u011fu\u2019 y\u00f6n\u00fcndeki a\u00e7\u0131klamalar\u0131na ili\u015fkin soruya cevab\u0131nda Peshkov; bu s\u00fcre\u00e7 i\u00e7inde Moskova ve Washington\u2019un koordine etti\u011fi \u2018A\u2019 plan\u0131na odaklan\u0131lmas\u0131 gerekti\u011fini vurgulad\u0131. Peskov s\u00f6z konusu anla\u015fman\u0131n Rusya ve ABD ba\u015fkanlar\u0131 taraf\u0131ndan ilan edildi\u011fine dikkat \u00e7ekti.<\/p>\n<p>Peskov Rusya ba\u015fkan\u0131 Vladimir Putin\u2019in anla\u015fma kapsam\u0131nda \u015eam ile yo\u011fun temaslarda bulunma vaadinde bulundu\u011funa i\u015faret ederken, ABD\u2019nin de bu y\u00f6nde etkisi alt\u0131ndaki \u2018muhalif gruplarla\u2019 sorumlu \u00e7abalarda bulunmas\u0131 temennisini ifade etti.<\/p>\n","protected":false},"excerpt":{"rendered":"<p>MOSKOVA \u2013 Rusya Ba\u015fkanl\u0131k Saray\u0131 Kremlinin resmi s\u00f6zc\u00fcs\u00fc Dimtry Peskov Moskova ve \u015eam\u2019\u0131n aras\u0131nda daimi ve derin bir koordinasyonun bulundu\u011funu belirtti. Peskov bug\u00fcn yapt\u0131\u011f\u0131 bas\u0131n a\u00e7\u0131klamalar\u0131nda; Suriye&#8217;deki krizin \u00e7\u00f6z\u00fcm\u00fcnde Moskova ve \u015eam aras\u0131ndaki daimi koordinasyonun \u00f6nemine dikkat \u00e7ekerken iki taraf\u0131n geli\u015fmeler ve \u00e7\u00f6z\u00fcm ufuklar\u0131 konusunda benzer g\u00f6r\u00fc\u015fe sahip olduklar\u0131n\u0131 s\u00f6yledi. ABD D\u0131\u015fi\u015fleri Bakan\u0131 John Kerry\u2019nin &hellip;<\/p>\n","protected":false},"author":1,"featured_media":47589,"comment_status":"closed","ping_status":"closed","sticky":false,"template":"","format":"standard","meta":{"footnotes":""},"categories":[458,459,17988],"tags":[],"class_list":["post-62716","post","type-post","status-publish","format-standard","has-post-thumbnail","","category-dunya1","category-haberler-arap-uluslararasi-politika","category-son-haberler"],"_links":{"self":[{"href":"https:\/\/archive.sana.sy\/tr\/index.php?rest_route=\/wp\/v2\/posts\/62716","targetHints":{"allow":["GET"]}}],"collection":[{"href":"https:\/\/archive.sana.sy\/tr\/index.php?rest_route=\/wp\/v2\/posts"}],"about":[{"href":"https:\/\/archive.sana.sy\/tr\/index.php?rest_route=\/wp\/v2\/types\/post"}],"author":[{"embeddable":true,"href":"https:\/\/archive.sana.sy\/tr\/index.php?rest_route=\/wp\/v2\/users\/1"}],"replies":[{"embeddable":true,"href":"https:\/\/archive.sana.sy\/tr\/index.php?rest_route=%2Fwp%2Fv2%2Fcomments&post=62716"}],"version-history":[{"count":0,"href":"https:\/\/archive.sana.sy\/tr\/index.php?rest_route=\/wp\/v2\/posts\/62716\/revisions"}],"wp:featuredmedia":[{"embeddable":true,"href":"https:\/\/archive.sana.sy\/tr\/index.php?rest_route=\/wp\/v2\/media\/47589"}],"wp:attachment":[{"href":"https:\/\/archive.sana.sy\/tr\/index.php?rest_route=%2Fwp%2Fv2%2Fmedia&parent=62716"}],"wp:term":[{"taxonomy":"category","embeddable":true,"href":"https:\/\/archive.sana.sy\/tr\/index.php?rest_route=%2Fwp%2Fv2%2Fcategories&post=62716"},{"taxonomy":"post_tag","embeddable":true,"href":"https:\/\/archive.sana.sy\/tr\/index.php?rest_route=%2Fwp%2Fv2%2Ftags&post=62716"}],"curies":[{"name":"wp","href":"https:\/\/api.w.org\/{rel}","templated":true}]}}